{"id":9088,"date":"2026-04-29T07:49:19","date_gmt":"2026-04-29T07:49:19","guid":{"rendered":"https:\/\/internationalyachtscharterandbrokerage.com\/blog\/sin-categoria\/alquiler-de-yates-en-ibiza-2026-guia-completa-de-formentera-y-baleares\/"},"modified":"2026-04-29T08:09:32","modified_gmt":"2026-04-29T08:09:32","slug":"alquiler-de-yates-en-ibiza-2026-guia-completa-de-formentera-y-baleares","status":"publish","type":"post","link":"https:\/\/internationalyachtscharterandbrokerage.com\/es\/blog\/guias-de-yates\/alquiler-de-yates-en-ibiza-2026-guia-completa-de-formentera-y-baleares\/","title":{"rendered":"Alquiler de Yates en Ibiza 2026 \u2014 Gu\u00eda Completa de Formentera y Baleares"},"content":{"rendered":"\n<p>Las <a href=\"https:\/\/internationalyachtscharterandbrokerage.com\/es\/alquiler-de-yates\/baleares\/\">Islas Baleares<\/a> se han convertido en el destino de alquiler de yates m\u00e1s solicitado despu\u00e9s de la <a href=\"https:\/\/internationalyachtscharterandbrokerage.com\/es\/alquiler-de-yates\/costa-azul\/\">Costa Azul<\/a> en el Mediterr\u00e1neo occidental. Ibiza, Formentera, Mallorca, Menorca \u2014 cuatro islas distintas, cuatro ambientes radicalmente diferentes, todas accesibles desde la misma base de ch\u00e1rter. <\/p>\n\n<p>Esta gu\u00eda proporciona informaci\u00f3n concreta para planificar su ch\u00e1rter en las <a href=\"https:\/\/internationalyachtscharterandbrokerage.com\/es\/alquiler-de-yates\/baleares\/\">Baleares<\/a> en 2026 \u2014 fondeaderos, beach clubs, tarifas reales, qu\u00e9 isla para cada perfil y c\u00f3mo organizar su semana para no perderse nada.<\/p>\n\n<h2 class=\"wp-block-heading\">Por qu\u00e9 Baleares es la Mejor Alternativa a la Costa Azul<\/h2>\n\n<h3 class=\"wp-block-heading\">Aguas Entre las M\u00e1s Transparentes del Mediterr\u00e1neo<\/h3>\n\n<p>Las Baleares gozan de una calidad de agua excepcional \u2014 visibilidad de 15 a 30 metros en algunas zonas protegidas, fondos de posidonia clasificados como Patrimonio Mundial de la UNESCO, aguas turquesas caracter\u00edsticas que dan fama internacional a las islas.<\/p>\n\n<p>La cala de Ses Illetes en Formentera, Cala Saona, las aguas entre Ibiza y Formentera \u2014 son fondeaderos que nuestros clientes citan sistem\u00e1ticamente como los m\u00e1s bellos de todo el Mediterr\u00e1neo. Ni Grecia, ni Cerde\u00f1a \u2014 Formentera. <\/p>\n\n<h3 class=\"wp-block-heading\">Una Relaci\u00f3n Calidad\/Precio Superior a la Costa Azul<\/h3>\n\n<p>Para un <a href=\"https:\/\/internationalyachtscharterandbrokerage.com\/es\/yates-en-alquiler\/\">superyate de 35-45 metros<\/a>, las tarifas en Baleares son un 20-30% inferiores a las de la Costa Azul en temporada alta \u2014 sin los elevados costes portuarios de M\u00f3naco o Cannes, sin la saturaci\u00f3n de fondeaderos de julio-agosto en la Riviera.<\/p>\n\n<p>El APA tambi\u00e9n es m\u00e1s bajo \u2014 los costes portuarios en las calas y peque\u00f1os puertos de Baleares son m\u00ednimos comparados con los 2.000 a 5.000 \u20ac por noche del Puerto Viejo de Cannes en temporada alta.<\/p>\n\n<h3 class=\"wp-block-heading\">Una Temporada M\u00e1s Larga<\/h3>\n\n<p>Las Baleares ofrecen una temporada de ch\u00e1rter de mayo a octubre \u2014 con condiciones \u00f3ptimas en mayo, junio y septiembre que la Costa Azul no siempre puede garantizar. El mistral que perturba regularmente la navegaci\u00f3n en la Riviera est\u00e1 ausente en Baleares. Las tramontanas locales suelen ser predecibles y menos violentas.  <\/p>\n\n<h2 class=\"wp-block-heading\">Las 4 Islas \u2014 Caracteres y Perfiles<\/h2>\n\n<h3 class=\"wp-block-heading\">Ibiza \u2014 La Reina del Mediterr\u00e1neo<\/h3>\n\n<p><a href=\"https:\/\/internationalyachtscharterandbrokerage.com\/es\/alquiler-de-yates\/baleares\/ibiza\/\">Ibiza<\/a> es mucho m\u00e1s que su reputaci\u00f3n festiva. La isla combina aspectos que pocos destinos mediterr\u00e1neos re\u00fanen \u2014 un casco antiguo clasificado por la UNESCO (Dalt Vila), calas salvajes accesibles solo por mar, beach clubs de clase mundial y una escena gastron\u00f3mica que rivaliza con cualquier gran ciudad europea. <\/p>\n\n<p><strong>Los fondeaderos imprescindibles de Ibiza:<\/strong><\/p>\n\n<p><strong>Cala Conta (Cala Comte)<\/strong> \u2014 el fondeadero m\u00e1s fotografiado de Baleares. Aguas turquesas iridiscentes, fondos de arena blanca, vistas a los islotes de S&#8217;Illot des Rencl\u00ed. Se recomienda llegar antes de las 10h en temporada alta para encontrar una buena posici\u00f3n \u2014 el fondeadero est\u00e1 regulado, las boyas son obligatorias.  <\/p>\n\n<p><strong>Es Vedr\u00e0<\/strong> \u2014 la roca sagrada de Ibiza, un acantilado calc\u00e1reo de 382 metros que emerge del mar frente a la costa suroeste. El fondeo frente a Es Vedr\u00e0 al atardecer es una de las experiencias visuales m\u00e1s intensas del Mediterr\u00e1neo. Sin acceso terrestre \u2014 solo por mar.  <\/p>\n\n<p><strong>Cala Salada<\/strong> \u2014 cala protegida al noroeste, aguas claras, cala de pinos. Menos frecuentada que Cala Conta, m\u00e1s tranquila \u2014 ideal para pasar una noche fondeado. <\/p>\n\n<p><strong>Puerto de Ibiza<\/strong> \u2014 para escalas en la ciudad. Acceso a los restaurantes de Marina Botafoch, a Dalt Vila, a los mejores restaurantes de la isla. Costes portuarios moderados en comparaci\u00f3n con la Costa Azul.  <\/p>\n\n<p><strong>Los beach clubs de Ibiza accesibles en tender:<\/strong><\/p>\n\n<p><strong>Ushua\u00efa Beach Club<\/strong> \u2014 el emblema de Ibiza. Piscina central, DJs internacionales durante el d\u00eda, ambiente festivo. Acceso en tender desde el fondeadero de Playa d&#8217;en Bossa. Reserva obligatoria en temporada alta.   <\/p>\n\n<p><strong>Blue Marlin Ibiza<\/strong> \u2014 el beach club m\u00e1s exclusivo de la isla. Cala Jondal, aguas tranquilas, clientela internacional de alto poder adquisitivo. Mesas en la playa de guijarros negros, servicio impecable. Accesible directamente en tender desde el fondeadero de Cala Jondal.   <\/p>\n\n<p><strong>Nassau Beach Club<\/strong> \u2014 Playa d&#8217;en Bossa, ambiente mediterr\u00e1neo relajado, gastronom\u00eda de calidad. Alternativa m\u00e1s tranquila a Ushua\u00efa. <\/p>\n\n<h3 class=\"wp-block-heading\">Formentera \u2014 La Perfecci\u00f3n en Estado Puro<\/h3>\n\n<p>Formentera es la respuesta para todos aquellos que buscan lo que Ibiza era antes de hacerse mundialmente famosa. Sin grandes discotecas, sin turismo de masas \u2014 una isla de 83 km\u00b2 sin sem\u00e1foros, accesible solo en ferry desde Ibiza. <\/p>\n\n<p>Desde un superyate, Formentera se explora de manera diferente \u2014 e incomparablemente mejor que desde tierra.<\/p>\n\n<p><strong>Ses Illetes \u2014 El Fondeadero Legendario<\/strong><\/p>\n\n<p>Ses Illetes es una lengua de arena blanca de 3 kil\u00f3metros bordeada por ambos lados por aguas turquesas a 21-23 \u00b0C. La transparencia del agua \u2014 20 a 25 metros de visibilidad en las zonas protegidas \u2014 produce una paleta de azules y verdes que pocos destinos mediterr\u00e1neos pueden reproducir. <\/p>\n\n<p>El fondeadero de Ses Illetes es el m\u00e1s solicitado de Baleares en temporada alta. Las posiciones cercanas a la orilla est\u00e1n reguladas \u2014 boyas de amarre obligatorias, reservadas para unidades de hasta 25 metros. Los superyates de 30 metros o m\u00e1s fondean en zona profunda (5 a 8 metros) a 300-500 metros de la orilla \u2014 con rotaciones de tender.  <\/p>\n\n<p><strong>Juan y Andrea \u2014 La Mesa de Formentera<\/strong><\/p>\n\n<p>El restaurante Juan y Andrea en la playa de Ses Illetes es una de las mejores mesas de pescado fresco del Mediterr\u00e1neo. Langostas a la parrilla, pescado del d\u00eda, paella valenciana \u2014 en un entorno de arena blanca y agua turquesa incomparable. Reserva con 3 a 4 semanas de antelaci\u00f3n en temporada alta \u2014 nuestro equipo gestiona las reservas para nuestros clientes de ch\u00e1rter.  <\/p>\n\n<p><strong>Illetes \u2014 Cala Saona \u2014 Es Pujols<\/strong><\/p>\n\n<p>El itinerario cl\u00e1sico de Formentera en tender \u2014 tres calas distintas, tres ambientes, accesibles desde un fondeadero central en la bah\u00eda de Illetes.<\/p>\n\n<h3 class=\"wp-block-heading\">Mallorca \u2014 La Gran Dama de Baleares<\/h3>\n\n<p>Mallorca es la isla m\u00e1s grande de Baleares \u2014 3.640 km\u00b2, una costa de 550 kil\u00f3metros con decenas de calas, puertos y fondeaderos de calidad variable.<\/p>\n\n<p><strong>La Serra de Tramuntana<\/strong> \u2014 clasificada por la UNESCO, la cadena monta\u00f1osa del noroeste se sumerge directamente en el mar y crea espectaculares acantilados accesibles solo en barco. El fondeo frente a Sa Calobra \u2014 al pie de un desfiladero excavado en la caliza \u2014 es uno de los m\u00e1s dram\u00e1ticos de todo el Mediterr\u00e1neo. <\/p>\n\n<p><strong>Puerto de Palma<\/strong> \u2014 la capital de Baleares cuenta con una marina moderna capaz de acoger superyates de hasta 80 metros. Palma de Mallorca es una ciudad con car\u00e1cter \u2014 catedral g\u00f3tica, casco antiguo medieval, gastronom\u00eda basada en productos locales (ensa\u00efmadas, sobrasada, vinos de Binissalem). <\/p>\n\n<p><strong>Cala Pi, Cala Mondrag\u00f3, Cala Figuera<\/strong> \u2014 las calas del sureste de Mallorca se encuentran entre las m\u00e1s protegidas y bellas de la isla. Aguas transparentes, fondos arenosos, pinos pi\u00f1oneros en los acantilados. <\/p>\n\n<h3 class=\"wp-block-heading\">Menorca \u2014 La M\u00e1s Salvaje<\/h3>\n\n<p>Menorca es la Balear menos desarrollada tur\u00edsticamente \u2014 clasificada como Reserva de la Biosfera por la UNESCO, conserva el 75% de sus costas en estado natural.<\/p>\n\n<p><strong>El Canal de Menorca<\/strong> \u2014 el brazo de mar entre Mallorca y Menorca es conocido por sus fuertes vientos (tramontana y marinada) \u2014 a evitar en malas condiciones, pero espl\u00e9ndido con buen tiempo.<\/p>\n\n<p><strong>Cala Macarella \u2014 Cala Macarelleta<\/strong> \u2014 las dos calas m\u00e1s fotografiadas de Menorca. Agua esmeralda, acantilados de piedra caliza blanca, pinar a orillas del agua. Accesibles solo a pie desde el aparcamiento o por mar \u2014 el yate es, con mucho, la mejor manera de acceder a ellas.  <\/p>\n\n<p><strong>Ciudadela<\/strong> \u2014 el puerto hist\u00f3rico de Menorca, uno de los puertos naturales m\u00e1s bellos del Mediterr\u00e1neo. El casco antiguo est\u00e1 perfectamente conservado, los restaurantes de la plaza del mercado se encuentran entre los mejores de la isla. <\/p>\n\n<h2 class=\"wp-block-heading\">Las Tarifas de Ch\u00e1rter en Baleares 2026<\/h2>\n\n<p>Las Baleares ofrecen la mejor relaci\u00f3n calidad\/precio del Mediterr\u00e1neo occidental \u2014 aguas de nivel Caribe a tarifas de temporada media de la Costa Azul.<\/p>\n\n<figure class=\"wp-block-table\"><table class=\"has-fixed-layout\"><thead><tr><th>LOA<\/th><th>Temporada baja (mayo, junio, sept, oct)<\/th><th>Temporada alta (julio-agosto)<\/th><\/tr><\/thead><tbody><tr><td>20-25 m<\/td><td>10.000\u20ac \u2013 22.000\u20ac<\/td><td>18.000\u20ac \u2013 38.000\u20ac<\/td><\/tr><tr><td>25-35 m<\/td><td>22.000\u20ac \u2013 55.000\u20ac<\/td><td>40.000\u20ac \u2013 90.000\u20ac<\/td><\/tr><tr><td>35-45 m<\/td><td>55.000\u20ac \u2013 120.000\u20ac<\/td><td>90.000\u20ac \u2013 200.000\u20ac<\/td><\/tr><tr><td>45-55 m<\/td><td>110.000\u20ac \u2013 230.000\u20ac<\/td><td>190.000\u20ac \u2013 380.000\u20ac<\/td><\/tr><\/tbody><\/table><\/figure>\n\n<p><strong>Nuestra flota disponible en Baleares:<\/strong><\/p>\n\n<ul class=\"wp-block-list\">\n<li><a href=\"https:\/\/internationalyachtscharterandbrokerage.com\/es\/locations-yachts\/abely\/\">ABELY<\/a> \u2014 OCEA 33 m \u2014 calado 2 m \u2014 ideal para calas poco profundas \u2014 desde 28.000 \u20ac\/semana<\/li>\n\n\n\n<li><a href=\"https:\/\/internationalyachtscharterandbrokerage.com\/es\/locations-yachts\/ray\/\">RAY<\/a> \u2014 Numarine 32XP 2025 \u2014 casco de acero \u2014 4.000 NM de autonom\u00eda \u2014 desde 90.000 \u20ac\/semana<\/li>\n\n\n\n<li><a href=\"https:\/\/internationalyachtscharterandbrokerage.com\/es\/locations-yachts\/ascension\/\">ASCENSION<\/a> \u2014 Couach 37 m \u2014 25 nudos \u2014 Ibiza desde M\u00f3naco en 18h \u2014 desde 100.000 \u20ac\/semana<\/li>\n\n\n\n<li><a href=\"https:\/\/internationalyachtscharterandbrokerage.com\/es\/locations-yachts\/annamia\/\">ANNAMIA<\/a> \u2014 Baglietto 43 m \u2014 dise\u00f1o Paszkowski \u2014 desde 120.000 \u20ac\/semana<\/li>\n\n\n\n<li><a href=\"https:\/\/internationalyachtscharterandbrokerage.com\/es\/locations-yachts\/rilassata\/\">RILASSATA<\/a> \u2014 Tankoa S501 Evo 2024 \u2014 49,8 m \u2014 calado 2,25 m \u2014 acceso a calas secretas \u2014 desde 210.000 \u20ac\/semana<\/li>\n<\/ul>\n\n<p><a href=\"https:\/\/internationalyachtscharterandbrokerage.com\/es\/yates-en-alquiler\/\">Ver toda nuestra flota disponible \u2192<\/a><\/p>\n\n<h2 class=\"wp-block-heading\">Los Itinerarios M\u00e1s Solicitados<\/h2>\n\n<h3 class=\"wp-block-heading\">Itinerario 1 \u2014 Ibiza &amp; Formentera (7 d\u00edas)<\/h3>\n\n<p>El itinerario de referencia para una primera semana en Baleares.<\/p>\n\n<p><strong>D\u00eda 1<\/strong> \u2014 Llegada a Ibiza, fondeo en Cala Salada, cena a bordo <strong>D\u00eda 2<\/strong> \u2014 Navegaci\u00f3n hacia Cala Conta, snorkel, almuerzo en Blue Marlin Ibiza <strong>D\u00eda 3<\/strong> \u2014 Cabo Formentera, fondeo en Ses Illetes, almuerzo en Juan y Andrea <strong>D\u00eda 4<\/strong> \u2014 Exploraci\u00f3n de Formentera en tender y bicicletas el\u00e9ctricas, Cala Saona por la noche <strong>D\u00eda 5<\/strong> \u2014 Regreso a Ibiza, Es Vedr\u00e0 al atardecer, cena en Marina Botafoch <strong>D\u00eda 6<\/strong> \u2014 D\u00eda en Ushua\u00efa Beach Club, noche en Dalt Vila <strong>D\u00eda 7<\/strong> \u2014 Navegaci\u00f3n de regreso, salida<\/p>\n\n<h3 class=\"wp-block-heading\">Itinerario 2 \u2014 Gran Tour Baleares (14 d\u00edas)<\/h3>\n\n<p><strong>Semana 1<\/strong> \u2014 Ibiza + Formentera (fondeaderos, beach clubs, calas) <strong>Semana 2<\/strong> \u2014 Mallorca (Palma, Serra de Tramuntana, calas sureste) + Menorca (Cala Macarella, Ciudadela)<\/p>\n\n<p>Ideal para grupos que deseen descubrir todo el archipi\u00e9lago sin prisas. Nuestro <a href=\"https:\/\/internationalyachtscharterandbrokerage.com\/es\/locations-yachts\/rilassata\/\">RILASSATA<\/a>, con su autonom\u00eda de 4.000 millas y sus bicicletas el\u00e9ctricas, es el yate de referencia para este itinerario. <\/p>\n\n<h3 class=\"wp-block-heading\">Itinerario 3 \u2014 Costa Azul \u2192 Baleares (14 d\u00edas)<\/h3>\n\n<p>El gran itinerario estival \u2014 <a href=\"https:\/\/internationalyachtscharterandbrokerage.com\/es\/alquiler-de-yates\/costa-azul\/\">Costa Azul<\/a> + Baleares en la misma unidad.<\/p>\n\n<p><strong>Semana 1<\/strong> \u2014 <a href=\"https:\/\/internationalyachtscharterandbrokerage.com\/es\/alquiler-de-yates\/costa-azul\/cannes\/\">Cannes<\/a> \u2192 <a href=\"https:\/\/internationalyachtscharterandbrokerage.com\/es\/alquiler-de-yates\/costa-azul\/saint-tropez\/\">Saint-Tropez<\/a> \u2192 <a href=\"https:\/\/internationalyachtscharterandbrokerage.com\/es\/alquiler-de-yates\/costa-azul\/monaco\/\">M\u00f3naco<\/a> <strong>Tr\u00e1nsito<\/strong> \u2014 M\u00f3naco \u2192 Ibiza (18h a 25 nudos con <a href=\"https:\/\/internationalyachtscharterandbrokerage.com\/es\/locations-yachts\/ascension\/\">ASCENSION<\/a>)<strong>Semana 2<\/strong> \u2014 Ibiza + Formentera<\/p>\n\n<p>El itinerario que combina el prestigio de la Riviera y la belleza natural de Baleares \u2014 dos experiencias completamente diferentes en el mismo crucero.<\/p>\n\n<h2 class=\"wp-block-heading\">Qu\u00e9 Yate Elegir para Baleares<\/h2>\n\n<h3 class=\"wp-block-heading\">El Calado \u2014 Criterio Decisivo<\/h3>\n\n<p>Los fondeaderos m\u00e1s bellos de Baleares \u2014 Ses Illetes, Cala Conta, Cala Saona, Cala Macarella \u2014 est\u00e1n regulados y son poco profundos. Un yate con poco calado accede a las mejores posiciones. <\/p>\n\n<p>Nuestro <a href=\"https:\/\/internationalyachtscharterandbrokerage.com\/es\/locations-yachts\/abely\/\">ABELY<\/a> (calado 2 m) y nuestro <a href=\"https:\/\/internationalyachtscharterandbrokerage.com\/es\/locations-yachts\/rilassata\/\">RILASSATA<\/a> (calado 2,25 m) son las unidades mejor adaptadas a las calas poco profundas de Baleares.<\/p>\n\n<h3 class=\"wp-block-heading\">La Autonom\u00eda \u2014 Para el Gran Tour<\/h3>\n\n<p>Para un itinerario Costa Azul \u2192 Baleares o un Gran Tour de las 4 islas \u2014 la autonom\u00eda es un factor importante. Nuestro <a href=\"https:\/\/internationalyachtscharterandbrokerage.com\/es\/locations-yachts\/ray\/\">RAY<\/a> (4.000 NM, casco de acero) y nuestro <a href=\"https:\/\/internationalyachtscharterandbrokerage.com\/es\/locations-yachts\/rilassata\/\">RILASSATA<\/a> (4.000 NM, 65.000 L de combustible) navegan sin restricciones de repostaje por todo el archipi\u00e9lago. <\/p>\n\n<h3 class=\"wp-block-heading\">Los Water Toys \u2014 Para Maximizar la Experiencia<\/h3>\n\n<p>En Baleares, los water toys no son un lujo \u2014 son indispensables. Los Seabobs en las aguas cristalinas de Formentera, los Jet Skis alrededor de Es Vedr\u00e0, el tender para las rotaciones a los beach clubs \u2014 cada unidad de nuestra flota embarca una dotaci\u00f3n completa adaptada a su LOA. <\/p>\n\n<h2 class=\"wp-block-heading\">Las Mejores \u00c9pocas para un Ch\u00e1rter en Baleares<\/h2>\n\n<p><strong>Mayo \u2014 Junio<\/strong> \u2014 el per\u00edodo ideal. Aguas ya c\u00e1lidas (20-22 \u00b0C), puertos y fondeaderos no saturados, tarifas de temporada baja, luz mediterr\u00e1nea excepcional. Es la recomendaci\u00f3n n\u00famero 1 de <strong>International Yachts Charter and Brokerage XXIII<\/strong> para Baleares.  <\/p>\n\n<p><strong>Julio \u2014 Agosto<\/strong> \u2014 temporada alta. Fondeaderos a veces saturados en Ses Illetes y Cala Conta \u2014 llegada temprano por la ma\u00f1ana indispensable para encontrar una buena posici\u00f3n. Ambiente festivo m\u00e1ximo en Ibiza. Tarifas al m\u00e1ximo.   <\/p>\n\n<p><strong>Septiembre \u2014 Octubre<\/strong> \u2014 vuelta a la calma. Los turistas se han ido, las aguas todav\u00eda est\u00e1n a 24-25 \u00b0C, los restaurantes est\u00e1n menos concurridos, los puertos son m\u00e1s acogedores. La relaci\u00f3n calidad\/precio es excelente \u2014 nivel mayo-junio con agua m\u00e1s c\u00e1lida.  <\/p>\n\n<h2 class=\"wp-block-heading\">Informaci\u00f3n Pr\u00e1ctica<\/h2>\n\n<h3 class=\"wp-block-heading\">Regulaci\u00f3n de Fondeaderos<\/h3>\n\n<p>Las Baleares han reforzado la regulaci\u00f3n de fondeaderos desde 2020 \u2014 zonas de boyas obligatorias en calas protegidas, prohibici\u00f3n de fondeo sobre posidonia (multas severas), acceso limitado en ciertas Zonas Marinas Protegidas.<\/p>\n\n<p>Nuestro capit\u00e1n conoce precisamente las zonas autorizadas y las reglas aplicables en cada cala \u2014 ning\u00fan riesgo de multa para nuestros clientes.<\/p>\n\n<h3 class=\"wp-block-heading\">Permiso de Navegaci\u00f3n<\/h3>\n\n<p>Las aguas espa\u00f1olas de Baleares requieren la documentaci\u00f3n de navegaci\u00f3n habitual \u2014 pabell\u00f3n del yate, seguro, certificado de matr\u00edcula. Nuestro equipo gestiona todas las formalidades administrativas antes y durante el ch\u00e1rter. <\/p>\n\n<h3 class=\"wp-block-heading\">Idioma y Moneda<\/h3>\n\n<p>Espa\u00f1ol y catal\u00e1n (balear) \u2014 nuestra tripulaci\u00f3n es multiling\u00fce. Euro \u2014 las compras en el muelle y en el mercado se realizan en euros. <\/p>\n\n<h2 class=\"wp-block-heading\">Combinar Baleares y Otros Destinos<\/h2>\n\n<p>Las Baleares se integran perfectamente en itinerarios combinados:<\/p>\n\n<p><strong>Costa Azul \u2192 Baleares<\/strong> \u2014 el itinerario m\u00e1s solicitado. <a href=\"https:\/\/internationalyachtscharterandbrokerage.com\/es\/alquiler-de-yates\/costa-azul\/monaco\/\">M\u00f3naco<\/a> \u2192 Ibiza en 18h con <a href=\"https:\/\/internationalyachtscharterandbrokerage.com\/es\/locations-yachts\/ascension\/\">ASCENSION<\/a>.<\/p>\n\n<p><strong>Baleares \u2192 <a href=\"https:\/\/internationalyachtscharterandbrokerage.com\/es\/alquiler-de-yates\/italia\/cerdena\/\">Cerde\u00f1a<\/a><\/strong> \u2014 Ibiza \u2192 Porto Cervo en 24h v\u00eda las costas espa\u00f1olas y francesas. Nuestro <a href=\"https:\/\/internationalyachtscharterandbrokerage.com\/es\/locations-yachts\/ray\/\">RAY<\/a> y <a href=\"https:\/\/internationalyachtscharterandbrokerage.com\/es\/locations-yachts\/rilassata\/\">RILASSATA<\/a> son perfectamente adecuados para este itinerario de larga distancia. <\/p>\n\n<p><strong>Baleares \u2192 <a href=\"https:\/\/internationalyachtscharterandbrokerage.com\/es\/alquiler-de-yates\/caribe\/\">Caribe<\/a><\/strong> \u2014 para los clientes que deseen prolongar la temporada despu\u00e9s de octubre. Nuestro <a href=\"https:\/\/internationalyachtscharterandbrokerage.com\/es\/locations-yachts\/rilassata\/\">RILASSATA<\/a> transita hacia el Caribe cada oto\u00f1o. <\/p>\n\n<h2 class=\"wp-block-heading\">Reserve Su Ch\u00e1rter en Baleares 2026<\/h2>\n\n<p>La temporada alta en Baleares \u2014 julio y agosto \u2014 se reserva con 3 a 6 meses de antelaci\u00f3n. Mayo, junio y septiembre est\u00e1n m\u00e1s disponibles, pero las mejores unidades se agotan r\u00e1pidamente. <\/p>\n\n<p>Contacte con <strong>International Yachts Charter and Brokerage XXIII<\/strong> para recibir una selecci\u00f3n de unidades adaptadas a su proyecto y un presupuesto APA detallado en 48h.<\/p>\n\n<p><a href=\"https:\/\/internationalyachtscharterandbrokerage.com\/es\/contacto\/\">Solicitar un presupuesto de ch\u00e1rter en Baleares 2026<\/a><\/p>\n","protected":false},"excerpt":{"rendered":"<p>Las Islas Baleares se han convertido en el destino de alquiler de yates m\u00e1s solicitado despu\u00e9s de la Costa Azul en el Mediterr\u00e1neo occidental. Ibiza, Formentera, Mallorca, Menorca \u2014 cuatro islas distintas, cuatro ambientes radicalmente diferentes, todas accesibles desde la misma base de ch\u00e1rter. Esta gu\u00eda proporciona informaci\u00f3n concreta para planificar su ch\u00e1rter en las [&hellip;]<\/p>\n","protected":false},"author":1,"featured_media":9089,"comment_status":"closed","ping_status":"closed","sticky":false,"template":"","format":"standard","meta":{"iawp_total_views":0,"footnotes":""},"categories":[40],"tags":[],"class_list":["post-9088","post","type-post","status-publish","format-standard","has-post-thumbnail","hentry","category-guias-de-yates"],"_links":{"self":[{"href":"https:\/\/internationalyachtscharterandbrokerage.com\/es\/wp-json\/wp\/v2\/posts\/9088","targetHints":{"allow":["GET"]}}],"collection":[{"href":"https:\/\/internationalyachtscharterandbrokerage.com\/es\/wp-json\/wp\/v2\/posts"}],"about":[{"href":"https:\/\/internationalyachtscharterandbrokerage.com\/es\/wp-json\/wp\/v2\/types\/post"}],"author":[{"embeddable":true,"href":"https:\/\/internationalyachtscharterandbrokerage.com\/es\/wp-json\/wp\/v2\/users\/1"}],"replies":[{"embeddable":true,"href":"https:\/\/internationalyachtscharterandbrokerage.com\/es\/wp-json\/wp\/v2\/comments?post=9088"}],"version-history":[{"count":1,"href":"https:\/\/internationalyachtscharterandbrokerage.com\/es\/wp-json\/wp\/v2\/posts\/9088\/revisions"}],"predecessor-version":[{"id":9090,"href":"https:\/\/internationalyachtscharterandbrokerage.com\/es\/wp-json\/wp\/v2\/posts\/9088\/revisions\/9090"}],"wp:featuredmedia":[{"embeddable":true,"href":"https:\/\/internationalyachtscharterandbrokerage.com\/es\/wp-json\/wp\/v2\/media\/9089"}],"wp:attachment":[{"href":"https:\/\/internationalyachtscharterandbrokerage.com\/es\/wp-json\/wp\/v2\/media?parent=9088"}],"wp:term":[{"taxonomy":"category","embeddable":true,"href":"https:\/\/internationalyachtscharterandbrokerage.com\/es\/wp-json\/wp\/v2\/categories?post=9088"},{"taxonomy":"post_tag","embeddable":true,"href":"https:\/\/internationalyachtscharterandbrokerage.com\/es\/wp-json\/wp\/v2\/tags?post=9088"}],"curies":[{"name":"wp","href":"https:\/\/api.w.org\/{rel}","templated":true}]}}