{"id":9085,"date":"2026-04-29T07:49:19","date_gmt":"2026-04-29T07:49:19","guid":{"rendered":"https:\/\/internationalyachtscharterandbrokerage.com\/blog\/uncategorized-ca\/lloguer-de-iot-a-eivissa-2026-guia-complet-de-formentera-i-les-balears\/"},"modified":"2026-04-29T08:01:42","modified_gmt":"2026-04-29T08:01:42","slug":"lloguer-de-iot-a-eivissa-2026-guia-complet-de-formentera-i-les-balears","status":"publish","type":"post","link":"https:\/\/internationalyachtscharterandbrokerage.com\/ca\/blog\/guies-diots\/lloguer-de-iot-a-eivissa-2026-guia-complet-de-formentera-i-les-balears\/","title":{"rendered":"Lloguer de iot a Eivissa 2026 \u2014 Guia complet de Formentera i les Balears"},"content":{"rendered":"\n<p>Les <a href=\"https:\/\/internationalyachtscharterandbrokerage.com\/ca\/lloguer-de-iot\/balears\/\">Illes Balears<\/a> s\u2019han convertit en la destinaci\u00f3 de yacht charter m\u00e9s demandada despr\u00e9s de la <a href=\"https:\/\/internationalyachtscharterandbrokerage.com\/ca\/lloguer-de-iot\/costa-blava\/\">Costa Blava<\/a> a la Mediterr\u00e0nia occidental. Eivissa, Formentera, Mallorca, Menorca \u2014 quatre illes diferents, quatre ambients radicalment diferents, totes accessibles des de la mateixa base de charter. <\/p>\n\n<p>Aquesta guia aporta informaci\u00f3 concreta per planificar el vostre charter a les <a href=\"https:\/\/internationalyachtscharterandbrokerage.com\/ca\/lloguer-de-iot\/balears\/\">Balears<\/a> el 2026 \u2014 fondejos, beach clubs, tarifes reals, quina illa per a quin perfil i com organitzar la vostra setmana per no perdre-us res.<\/p>\n\n<h2 class=\"wp-block-heading\">Per qu\u00e8 les Balears s\u00f3n la millor alternativa a la Costa Blava<\/h2>\n\n<h3 class=\"wp-block-heading\">Unes aig\u00fces entre les m\u00e9s transparents de la Mediterr\u00e0nia<\/h3>\n\n<p>Les Balears gaudeixen d\u2019una qualitat d\u2019aigua excepcional \u2014 visibilitat de 15 a 30 metres en algunes zones protegides, fons de posid\u00f2nia declarats Patrimoni Mundial de la UNESCO, aig\u00fces turqueses caracter\u00edstiques que han fet la reputaci\u00f3 internacional de les illes.<\/p>\n\n<p>La cala de Ses Illetes a Formentera, la Cala Saona, les aig\u00fces entre Eivissa i Formentera \u2014 s\u00f3n fondejos que els nostres clients citen sistem\u00e0ticament com els m\u00e9s bonics de tota la Mediterr\u00e0nia. Ni Gr\u00e8cia, ni Sardenya \u2014 Formentera. <\/p>\n\n<h3 class=\"wp-block-heading\">Una relaci\u00f3 qualitat\/preu superior a la Costa Blava<\/h3>\n\n<p>Per a un <a href=\"https:\/\/internationalyachtscharterandbrokerage.com\/ca\/iots-de-lloguer\/\">superiot de 35-45 metres<\/a>, les tarifes a les Balears s\u00f3n un 20 a 30% inferiors a l\u2019alta temporada a la Costa Blava \u2014 sense les elevades taxes de port de M\u00f2naco o Canes, sense la saturaci\u00f3 dels fondejos de juliol-agost a la Riviera.<\/p>\n\n<p>L\u2019APA tamb\u00e9 \u00e9s m\u00e9s baixa \u2014 les taxes de port a les cales i petits ports de les Balears s\u00f3n m\u00ednimes en comparaci\u00f3 amb els 2.000 a 5.000 \u20ac per nit del Vieux Port de Canes en alta temporada.<\/p>\n\n<h3 class=\"wp-block-heading\">Una temporada m\u00e9s llarga<\/h3>\n\n<p>Les Balears ofereixen una temporada de charter de maig a octubre \u2014 amb condicions \u00f2ptimes al maig, juny i setembre que la Costa Blava no sempre pot garantir. El mestral que sovint pertorba la navegaci\u00f3 a la Riviera \u00e9s absent a les Balears. Les tramuntanes locals solen ser previsibles i menys violentes.  <\/p>\n\n<h2 class=\"wp-block-heading\">Les 4 illes \u2014 car\u00e0cters i perfils<\/h2>\n\n<h3 class=\"wp-block-heading\">Eivissa \u2014 La reina de la Mediterr\u00e0nia<\/h3>\n\n<p><a href=\"https:\/\/internationalyachtscharterandbrokerage.com\/ca\/lloguer-de-iot\/balears\/eivissa\/\">Eivissa<\/a> \u00e9s molt m\u00e9s que la seva reputaci\u00f3 festiva. L\u2019illa combina aspectes que poques destinacions mediterr\u00e0nies reuneixen \u2014 una ciutat vella declarada Patrimoni de la UNESCO (Dalt Vila), cales salvatges accessibles nom\u00e9s per mar, beach clubs de primer nivell i una escena gastron\u00f2mica que rivalitza amb qualsevol gran ciutat europea. <\/p>\n\n<p><strong>Els fondejos imprescindibles d\u2019Eivissa:<\/strong><\/p>\n\n<p><strong>Cala Conta (Cala Comte)<\/strong> \u2014 el fondeig m\u00e9s fotografiat de les Balears. Aig\u00fces turqueses iridescents, fons de sorra blanca, vistes als illots de S\u2019Illot des Rencl\u00ed. Es recomana arribar abans de les 10 h en alta temporada per trobar una bona posici\u00f3 \u2014 el fondeig est\u00e0 regulat, boies obligat\u00f2ries.  <\/p>\n\n<p><strong>Es Vedr\u00e0<\/strong> \u2014 la roca sagrada d\u2019Eivissa, un penya-segat calcari de 382 metres que emergeix del mar davant la costa sud-oest. El fondeig davant d\u2019Es Vedr\u00e0 a la posta de sol \u00e9s una de les experi\u00e8ncies visuals m\u00e9s intenses de la Mediterr\u00e0nia. Sense acc\u00e9s per terra \u2014 nom\u00e9s per mar.  <\/p>\n\n<p><strong>Cala Salada<\/strong> \u2014 cala protegida al nord-oest, aig\u00fces clares, calanca de pins. Menys concorreguda que Cala Conta, m\u00e9s tranquil\u00b7la \u2014 ideal per passar-hi una nit fondejats. <\/p>\n\n<p><strong>Port d\u2019Eivissa<\/strong> \u2014 per a escales a la ciutat. Acc\u00e9s als restaurants de Marina Botafoch, a Dalt Vila, als millors restaurants de l\u2019illa. Taxes de port moderades en comparaci\u00f3 amb la Costa Blava.  <\/p>\n\n<p><strong>Els beach clubs d\u2019Eivissa accessibles en tender:<\/strong><\/p>\n\n<p><strong>Ushua\u00efa Beach Club<\/strong> \u2014 l\u2019emblema d\u2019Eivissa. Piscina central, DJs internacionals durant el dia, ambient festiu. Acc\u00e9s en tender des del fondeig de Playa d\u2019en Bossa. Reserva obligat\u00f2ria en alta temporada.   <\/p>\n\n<p><strong>Blue Marlin Ibiza<\/strong> \u2014 el beach club m\u00e9s exclusiu de l\u2019illa. Cala Jondal, aig\u00fces calmades, clientela internacional d\u2019alt poder adquisitiu. Taules a la platja de c\u00f2dols negres, servei impecable. Accessible directament en tender des del fondeig de Cala Jondal.   <\/p>\n\n<p><strong>Nassau Beach Club<\/strong> \u2014 Playa d\u2019en Bossa, ambient mediterrani relaxat, gastronomia de qualitat. Alternativa m\u00e9s tranquil\u00b7la a Ushua\u00efa. <\/p>\n\n<h3 class=\"wp-block-heading\">Formentera \u2014 La perfecci\u00f3 en estat pur<\/h3>\n\n<p>Formentera \u00e9s la resposta per a tots els qui busquen el que era Eivissa abans de fer-se mundialment famosa. Sense grans discoteques, sense turisme de masses \u2014 una illa de 83 km\u00b2 sense sem\u00e0fors, accessible nom\u00e9s amb ferri des d\u2019Eivissa. <\/p>\n\n<p>Des d\u2019un superiot, Formentera s\u2019explora d\u2019una altra manera \u2014 i incomparablement millor que des de terra.<\/p>\n\n<p><strong>Ses Illetes \u2014 El fondeig llegendari<\/strong><\/p>\n\n<p>Ses Illetes \u00e9s una llengua de sorra blanca de 3 quil\u00f2metres vorejada a banda i banda per aig\u00fces turqueses a 21-23 \u00b0C. La transpar\u00e8ncia de l\u2019aigua \u2014 20 a 25 metres de visibilitat a les zones protegides \u2014 crea una paleta de blaus i verds que poques destinacions mediterr\u00e0nies poden reproduir. <\/p>\n\n<p>El fondeig de Ses Illetes \u00e9s el m\u00e9s sol\u00b7licitat de les Balears en alta temporada. Les posicions properes a la riba estan regulades \u2014 boies d\u2019amarratge obligat\u00f2ries, reservades a unitats de fins a 25 metres. Els superiots de 30 metres o m\u00e9s fondegen en zona fonda (5 a 8 metres) a 300-500 metres de la riba \u2014 amb rotacions en tender.  <\/p>\n\n<p><strong>Juan y Andrea \u2014 La taula de Formentera<\/strong><\/p>\n\n<p>El restaurant Juan y Andrea a la platja de Ses Illetes \u00e9s una de les millors taules de peix fresc de la Mediterr\u00e0nia. Llagostes a la brasa, peix del dia, paella valenciana \u2014 en un entorn de sorra blanca i aigua turquesa incomparable. Reserva amb 3 a 4 setmanes d\u2019antelaci\u00f3 en alta temporada \u2014 el nostre equip gestiona les reserves per als nostres clients de charter.  <\/p>\n\n<p><strong>Illetes \u2014 Cala Saona \u2014 Es Pujols<\/strong><\/p>\n\n<p>L\u2019itinerari cl\u00e0ssic de Formentera en tender \u2014 tres cales diferents, tres ambients, accessibles des d\u2019un fondeig central a la badia d\u2019Illetes.<\/p>\n\n<h3 class=\"wp-block-heading\">Mallorca \u2014 La gran dama de les Balears<\/h3>\n\n<p>Mallorca \u00e9s l\u2019illa m\u00e9s gran de les Balears \u2014 3.640 km\u00b2, una costa de 550 quil\u00f2metres amb desenes de cales, ports i fondejos de qualitat variable.<\/p>\n\n<p><strong>La Serra de Tramuntana<\/strong> \u2014 declarada Patrimoni de la UNESCO, la serralada del nord-oest s\u2019endinsa directament al mar i crea penya-segats espectaculars accessibles nom\u00e9s amb vaixell. El fondeig davant de Sa Calobra \u2014 al peu d\u2019un congost excavat a la calc\u00e0ria \u2014 \u00e9s un dels m\u00e9s dram\u00e0tics de tota la Mediterr\u00e0nia. <\/p>\n\n<p><strong>Port de Palma<\/strong> \u2014 la capital de les Balears disposa d\u2019una marina moderna capa\u00e7 d\u2019acollir superiots de fins a 80 metres. Palma de Mallorca \u00e9s una ciutat amb car\u00e0cter \u2014 catedral g\u00f2tica, nucli antic medieval, gastronomia basada en productes locals (ensa\u00efmades, sobrassada, vins de Binissalem). <\/p>\n\n<p><strong>Cala Pi, Cala Mondrag\u00f3, Cala Figuera<\/strong> \u2014 les cales del sud-est de Mallorca s\u00f3n de les m\u00e9s protegides i m\u00e9s boniques de l\u2019illa. Aig\u00fces transparents, fons sorrencs, pins pinyoners als penya-segats. <\/p>\n\n<h3 class=\"wp-block-heading\">Menorca \u2014 La m\u00e9s salvatge<\/h3>\n\n<p>Menorca \u00e9s la balear menys desenvolupada tur\u00edsticament \u2014 declarada Reserva de la Biosfera per la UNESCO, preserva el 75% de les seves costes en estat natural.<\/p>\n\n<p><strong>El canal de Menorca<\/strong> \u2014 el bra\u00e7 de mar entre Mallorca i Menorca \u00e9s conegut pels seus vents forts (tramuntana i marin) \u2014 a evitar amb mala mar, per\u00f2 espl\u00e8ndid amb bon temps.<\/p>\n\n<p><strong>Cala Macarella \u2014 Cala Macarelleta<\/strong> \u2014 les dues cales m\u00e9s fotografiades de Menorca. Aigua maragda, penya-segats calcaris blancs, pineda a tocar de l\u2019aigua. Accessibles nom\u00e9s a peu des de l\u2019aparcament o per mar \u2014 el iot \u00e9s, de llarg, la millor manera d\u2019arribar-hi.  <\/p>\n\n<p><strong>Ciutadella<\/strong> \u2014 el port hist\u00f2ric de Menorca, un dels ports naturals m\u00e9s bonics de la Mediterr\u00e0nia. El nucli antic est\u00e0 perfectament conservat, i els restaurants de la pla\u00e7a del mercat s\u00f3n dels millors de l\u2019illa. <\/p>\n\n<h2 class=\"wp-block-heading\">Les tarifes de charter a les Balears 2026<\/h2>\n\n<p>Les Balears ofereixen la millor relaci\u00f3 qualitat\/preu de la Mediterr\u00e0nia occidental \u2014 aig\u00fces de nivell Carib a tarifes de mitja temporada de la Costa Blava.<\/p>\n\n<figure class=\"wp-block-table\"><table class=\"has-fixed-layout\"><thead><tr><th>LOA<\/th><th>Baixa temporada (maig, juny, set., oct.)<\/th><th>Alta temporada (juliol-agost)<\/th><\/tr><\/thead><tbody><tr><td>20-25 m<\/td><td>10.000 \u20ac \u2013 22.000 \u20ac<\/td><td>18.000 \u20ac \u2013 38.000 \u20ac<\/td><\/tr><tr><td>25-35 m<\/td><td>22.000 \u20ac \u2013 55.000 \u20ac<\/td><td>40.000 \u20ac \u2013 90.000 \u20ac<\/td><\/tr><tr><td>35-45 m<\/td><td>55.000 \u20ac \u2013 120.000 \u20ac<\/td><td>90.000 \u20ac \u2013 200.000 \u20ac<\/td><\/tr><tr><td>45-55 m<\/td><td>110.000 \u20ac \u2013 230.000 \u20ac<\/td><td>190.000 \u20ac \u2013 380.000 \u20ac<\/td><\/tr><\/tbody><\/table><\/figure>\n\n<p><strong>La nostra flota disponible a les Balears:<\/strong><\/p>\n\n<ul class=\"wp-block-list\">\n<li><a href=\"https:\/\/internationalyachtscharterandbrokerage.com\/ca\/locations-yachts\/abely\/\">ABELY<\/a> \u2014 OCEA 33 m \u2014 calat 2 m \u2014 ideal per a cales poc fondes \u2014 a partir de 28.000 \u20ac\/setmana<\/li>\n\n\n\n<li><a href=\"https:\/\/internationalyachtscharterandbrokerage.com\/ca\/locations-yachts\/ray\/\">RAY<\/a> \u2014 Numarine 32XP 2025 \u2014 casc d\u2019acer \u2014 4.000 NM d\u2019autonomia \u2014 a partir de 90.000 \u20ac\/setmana<\/li>\n\n\n\n<li><a href=\"https:\/\/internationalyachtscharterandbrokerage.com\/ca\/locations-yachts\/ascension\/\">ASCENSION<\/a> \u2014 Couach 37 m \u2014 25 nusos \u2014 Eivissa des de M\u00f2naco en 18 h \u2014 a partir de 100.000 \u20ac\/setmana<\/li>\n\n\n\n<li><a href=\"https:\/\/internationalyachtscharterandbrokerage.com\/ca\/locations-yachts\/annamia\/\">ANNAMIA<\/a> \u2014 Baglietto 43 m \u2014 disseny Paszkowski \u2014 a partir de 120.000 \u20ac\/setmana<\/li>\n\n\n\n<li><a href=\"https:\/\/internationalyachtscharterandbrokerage.com\/ca\/locations-yachts\/rilassata\/\">RILASSATA<\/a> \u2014 Tankoa S501 Evo 2024 \u2014 49,8 m \u2014 calat 2,25 m \u2014 acc\u00e9s a cales secretes \u2014 a partir de 210.000 \u20ac\/setmana<\/li>\n<\/ul>\n\n<p><a href=\"https:\/\/internationalyachtscharterandbrokerage.com\/ca\/iots-de-lloguer\/\">Vegeu tota la nostra flota disponible \u2192<\/a><\/p>\n\n<h2 class=\"wp-block-heading\">Els itineraris m\u00e9s sol\u00b7licitats<\/h2>\n\n<h3 class=\"wp-block-heading\">Itinerari 1 \u2014 Eivissa &amp; Formentera (7 dies)<\/h3>\n\n<p>L\u2019itinerari de refer\u00e8ncia per a una primera setmana a les Balears.<\/p>\n\n<p><strong>Dia 1<\/strong> \u2014 Arribada a Eivissa, fondeig a Cala Salada, sopar a bord <strong>Dia 2<\/strong> \u2014 Navegaci\u00f3 cap a Cala Conta, snorkel, dinar a Blue Marlin Ibiza <strong>Dia 3<\/strong> \u2014 Cap a Formentera, fondeig a Ses Illetes, dinar a Juan y Andrea <strong>Dia 4<\/strong> \u2014 Exploraci\u00f3 de Formentera en tender i bicicletes el\u00e8ctriques, Cala Saona al vespre <strong>Dia 5<\/strong> \u2014 Tornada a Eivissa, Es Vedr\u00e0 a la posta de sol, sopar a Marina Botafoch <strong>Dia 6<\/strong> \u2014 Dia a Ushua\u00efa Beach Club, nit a Dalt Vila <strong>Dia 7<\/strong> \u2014 Navegaci\u00f3 de retorn, sortida<\/p>\n\n<h3 class=\"wp-block-heading\">Itinerari 2 \u2014 Gran Tour Balears (14 dies)<\/h3>\n\n<p><strong>Setmana 1<\/strong> \u2014 Eivissa + Formentera (fondejos, beach clubs, cales) <strong>Setmana 2<\/strong> \u2014 Mallorca (Palma, Serra de Tramuntana, cales del sud-est) + Menorca (Cala Macarella, Ciutadella)<\/p>\n\n<p>Ideal per a grups que volen descobrir tot l\u2019arxip\u00e8lag sense presses. El nostre <a href=\"https:\/\/internationalyachtscharterandbrokerage.com\/ca\/locations-yachts\/rilassata\/\">RILASSATA<\/a>, amb la seva autonomia de 4.000 milles i les seves bicicletes el\u00e8ctriques, \u00e9s el iot de refer\u00e8ncia per a aquest itinerari. <\/p>\n\n<h3 class=\"wp-block-heading\">Itinerari 3 \u2014 Costa Blava \u2192 Balears (14 dies)<\/h3>\n\n<p>El gran itinerari estival \u2014 <a href=\"https:\/\/internationalyachtscharterandbrokerage.com\/ca\/lloguer-de-iot\/costa-blava\/\">Costa Blava<\/a> + Balears a la mateixa unitat.<\/p>\n\n<p><strong>Setmana 1<\/strong> \u2014 <a href=\"https:\/\/internationalyachtscharterandbrokerage.com\/ca\/lloguer-de-iot\/costa-blava\/canes\/\">Canes<\/a> \u2192 <a href=\"https:\/\/internationalyachtscharterandbrokerage.com\/ca\/lloguer-de-iot\/costa-blava\/saint-tropez\/\">Saint-Tropez<\/a> \u2192 <a href=\"https:\/\/internationalyachtscharterandbrokerage.com\/ca\/lloguer-de-iot\/costa-blava\/monaco\/\">M\u00f2naco<\/a> <strong>Tr\u00e0nsit<\/strong> \u2014 M\u00f2naco \u2192 Eivissa (18 h a 25 nusos amb <a href=\"https:\/\/internationalyachtscharterandbrokerage.com\/ca\/locations-yachts\/ascension\/\">ASCENSION<\/a>)<strong>Setmana 2<\/strong> \u2014 Eivissa + Formentera<\/p>\n\n<p>L\u2019itinerari que combina el prestigi de la Riviera i la bellesa natural de les Balears \u2014 dues experi\u00e8ncies completament diferents en la mateixa travessia.<\/p>\n\n<h2 class=\"wp-block-heading\">Quin iot triar per a les Balears<\/h2>\n\n<h3 class=\"wp-block-heading\">El calat \u2014 criteri decisiu<\/h3>\n\n<p>Els fondejos m\u00e9s bonics de les Balears \u2014 Ses Illetes, Cala Conta, Cala Saona, Cala Macarella \u2014 estan regulats i s\u00f3n poc fondes. Un iot amb poc calat accedeix a les millors posicions. <\/p>\n\n<p>El nostre <a href=\"https:\/\/internationalyachtscharterandbrokerage.com\/ca\/locations-yachts\/abely\/\">ABELY<\/a> (calat 2 m) i el nostre <a href=\"https:\/\/internationalyachtscharterandbrokerage.com\/ca\/locations-yachts\/rilassata\/\">RILASSATA<\/a> (calat 2,25 m) s\u00f3n les unitats m\u00e9s ben adaptades a les cales poc fondes de les Balears.<\/p>\n\n<h3 class=\"wp-block-heading\">L\u2019autonomia \u2014 per al Gran Tour<\/h3>\n\n<p>Per a un itinerari Costa Blava \u2192 Balears o un Gran Tour de les 4 illes \u2014 l\u2019autonomia \u00e9s un factor important. El nostre <a href=\"https:\/\/internationalyachtscharterandbrokerage.com\/ca\/locations-yachts\/ray\/\">RAY<\/a> (4.000 NM, casc d\u2019acer) i el nostre <a href=\"https:\/\/internationalyachtscharterandbrokerage.com\/ca\/locations-yachts\/rilassata\/\">RILASSATA<\/a> (4.000 NM, 65.000 L de combustible) naveguen sense limitacions de prove\u00efment per tot l\u2019arxip\u00e8lag. <\/p>\n\n<h3 class=\"wp-block-heading\">Els water toys \u2014 per maximitzar l\u2019experi\u00e8ncia<\/h3>\n\n<p>A les Balears, els water toys no s\u00f3n un luxe \u2014 s\u00f3n imprescindibles. Els Seabobs a les aig\u00fces cristal\u00b7lines de Formentera, les motos d\u2019aigua al voltant d\u2019Es Vedr\u00e0, el tender per als trasllats als beach clubs \u2014 cada unitat de la nostra flota embarca una dotaci\u00f3 completa adaptada a la seva LOA. <\/p>\n\n<h2 class=\"wp-block-heading\">Les millors \u00e8poques per fer charter a les Balears<\/h2>\n\n<p><strong>Maig \u2014 Juny<\/strong> \u2014 el per\u00edode ideal. Aig\u00fces ja c\u00e0lides (20-22 \u00b0C), ports i fondejos no saturats, tarifes de baixa temporada, llum mediterr\u00e0nia excepcional. \u00c9s la recomanaci\u00f3 n\u00famero 1 d\u2019<strong>International Yachts Charter and Brokerage XXIII<\/strong> per a les Balears.  <\/p>\n\n<p><strong>Juliol \u2014 Agost<\/strong> \u2014 alta temporada. Fondejos de vegades saturats a Ses Illetes i Cala Conta \u2014 arribar d\u2019hora al mat\u00ed \u00e9s imprescindible per trobar una bona posici\u00f3. Ambient festiu m\u00e0xim a Eivissa. Tarifes al m\u00e0xim.   <\/p>\n\n<p><strong>Setembre \u2014 Octubre<\/strong> \u2014 retorn a la calma. Els turistes ja han marxat, les aig\u00fces encara s\u00f3n a 24-25 \u00b0C, els restaurants estan menys plens, els ports m\u00e9s acollidors. La relaci\u00f3 qualitat\/preu \u00e9s excel\u00b7lent \u2014 nivell maig-juny amb l\u2019aigua m\u00e9s calenta.  <\/p>\n\n<h2 class=\"wp-block-heading\">Informaci\u00f3 pr\u00e0ctica<\/h2>\n\n<h3 class=\"wp-block-heading\">Regulaci\u00f3 dels fondejos<\/h3>\n\n<p>Les Balears han refor\u00e7at la regulaci\u00f3 dels fondejos des del 2020 \u2014 zones de boies obligat\u00f2ries a les cales protegides, prohibici\u00f3 de fondejar sobre la posid\u00f2nia (multes severes), acc\u00e9s limitat en algunes zones marines protegides.<\/p>\n\n<p>El nostre capit\u00e0 coneix amb precisi\u00f3 les zones autoritzades i les normes aplicables a cada cala \u2014 cap risc de sanci\u00f3 per als nostres clients.<\/p>\n\n<h3 class=\"wp-block-heading\">Perm\u00eds de navegaci\u00f3<\/h3>\n\n<p>Les aig\u00fces espanyoles de les Balears requereixen la documentaci\u00f3 de navegaci\u00f3 habitual \u2014 pavell\u00f3 del iot, asseguran\u00e7a, certificat de matriculaci\u00f3. El nostre equip gestiona tots els tr\u00e0mits administratius abans i durant el charter. <\/p>\n\n<h3 class=\"wp-block-heading\">Llengua i moneda<\/h3>\n\n<p>Espanyol i catal\u00e0 (balear) \u2014 la nostra tripulaci\u00f3 \u00e9s multiling\u00fce. Euro \u2014 les compres a port i al mercat es fan en euros. <\/p>\n\n<h2 class=\"wp-block-heading\">Combinar Balears i altres destinacions<\/h2>\n\n<p>Les Balears s\u2019integren perfectament en itineraris combinats:<\/p>\n\n<p><strong>Costa Blava \u2192 Balears<\/strong> \u2014 l\u2019itinerari m\u00e9s sol\u00b7licitat. <a href=\"https:\/\/internationalyachtscharterandbrokerage.com\/ca\/lloguer-de-iot\/costa-blava\/monaco\/\">M\u00f2naco<\/a> \u2192 Eivissa en 18 h amb <a href=\"https:\/\/internationalyachtscharterandbrokerage.com\/ca\/locations-yachts\/ascension\/\">ASCENSION<\/a>.<\/p>\n\n<p><strong>Balears \u2192 <a href=\"https:\/\/internationalyachtscharterandbrokerage.com\/ca\/lloguer-de-iot\/italia\/sardenya\/\">Sardenya<\/a><\/strong> \u2014 Eivissa \u2192 Porto Cervo en 24 h via les costes espanyoles i franceses. Els nostres <a href=\"https:\/\/internationalyachtscharterandbrokerage.com\/ca\/locations-yachts\/ray\/\">RAY<\/a> i <a href=\"https:\/\/internationalyachtscharterandbrokerage.com\/ca\/locations-yachts\/rilassata\/\">RILASSATA<\/a>s\u00f3n perfectament adequats per a aquest itinerari de llarga dist\u00e0ncia. <\/p>\n\n<p><strong>Balears \u2192 <a href=\"https:\/\/internationalyachtscharterandbrokerage.com\/ca\/lloguer-de-iot\/carib\/\">Carib<\/a><\/strong> \u2014 per als clients que volen allargar la temporada despr\u00e9s d\u2019octubre. El nostre <a href=\"https:\/\/internationalyachtscharterandbrokerage.com\/ca\/locations-yachts\/rilassata\/\">RILASSATA<\/a> fa el tr\u00e0nsit cap al Carib cada tardor. <\/p>\n\n<h2 class=\"wp-block-heading\">Reservar el vostre charter a les Balears 2026<\/h2>\n\n<p>La temporada alta a les Balears \u2014 juliol i agost \u2014 es reserva amb 3 a 6 mesos d\u2019antelaci\u00f3. Maig, juny i setembre tenen m\u00e9s disponibilitat, per\u00f2 les millors unitats surten r\u00e0pidament. <\/p>\n\n<p>Contacteu amb <strong>International Yachts Charter and Brokerage XXIII<\/strong> per rebre una selecci\u00f3 d\u2019unitats adaptades al vostre projecte i un pressupost d\u2019APA detallat en 48 h.<\/p>\n\n<p><a href=\"https:\/\/internationalyachtscharterandbrokerage.com\/ca\/contacte\/\">Sol\u00b7licitar un pressupost de charter Balears 2026<\/a><\/p>\n","protected":false},"excerpt":{"rendered":"<p>Les Illes Balears s\u2019han convertit en la destinaci\u00f3 de yacht charter m\u00e9s demandada despr\u00e9s de la Costa Blava a la Mediterr\u00e0nia occidental. Eivissa, Formentera, Mallorca, Menorca \u2014 quatre illes diferents, quatre ambients radicalment diferents, totes accessibles des de la mateixa base de charter. Aquesta guia aporta informaci\u00f3 concreta per planificar el vostre charter a les [&hellip;]<\/p>\n","protected":false},"author":1,"featured_media":9086,"comment_status":"closed","ping_status":"closed","sticky":false,"template":"","format":"standard","meta":{"iawp_total_views":0,"footnotes":""},"categories":[43],"tags":[],"class_list":["post-9085","post","type-post","status-publish","format-standard","has-post-thumbnail","hentry","category-guies-diots"],"_links":{"self":[{"href":"https:\/\/internationalyachtscharterandbrokerage.com\/ca\/wp-json\/wp\/v2\/posts\/9085","targetHints":{"allow":["GET"]}}],"collection":[{"href":"https:\/\/internationalyachtscharterandbrokerage.com\/ca\/wp-json\/wp\/v2\/posts"}],"about":[{"href":"https:\/\/internationalyachtscharterandbrokerage.com\/ca\/wp-json\/wp\/v2\/types\/post"}],"author":[{"embeddable":true,"href":"https:\/\/internationalyachtscharterandbrokerage.com\/ca\/wp-json\/wp\/v2\/users\/1"}],"replies":[{"embeddable":true,"href":"https:\/\/internationalyachtscharterandbrokerage.com\/ca\/wp-json\/wp\/v2\/comments?post=9085"}],"version-history":[{"count":1,"href":"https:\/\/internationalyachtscharterandbrokerage.com\/ca\/wp-json\/wp\/v2\/posts\/9085\/revisions"}],"predecessor-version":[{"id":9087,"href":"https:\/\/internationalyachtscharterandbrokerage.com\/ca\/wp-json\/wp\/v2\/posts\/9085\/revisions\/9087"}],"wp:featuredmedia":[{"embeddable":true,"href":"https:\/\/internationalyachtscharterandbrokerage.com\/ca\/wp-json\/wp\/v2\/media\/9086"}],"wp:attachment":[{"href":"https:\/\/internationalyachtscharterandbrokerage.com\/ca\/wp-json\/wp\/v2\/media?parent=9085"}],"wp:term":[{"taxonomy":"category","embeddable":true,"href":"https:\/\/internationalyachtscharterandbrokerage.com\/ca\/wp-json\/wp\/v2\/categories?post=9085"},{"taxonomy":"post_tag","embeddable":true,"href":"https:\/\/internationalyachtscharterandbrokerage.com\/ca\/wp-json\/wp\/v2\/tags?post=9085"}],"curies":[{"name":"wp","href":"https:\/\/api.w.org\/{rel}","templated":true}]}}