{"id":9050,"date":"2026-04-25T08:48:37","date_gmt":"2026-04-25T08:48:37","guid":{"rendered":"https:\/\/internationalyachtscharterandbrokerage.com\/blog\/uncategorized-ca\/preu-de-lloguer-de-iots-a-la-mediterrania-2026-comparativa-completa-de-totes-les-destinacions\/"},"modified":"2026-04-25T08:50:12","modified_gmt":"2026-04-25T08:50:12","slug":"preu-de-lloguer-de-iots-a-la-mediterrania-2026-comparativa-completa-de-totes-les-destinacions","status":"publish","type":"post","link":"https:\/\/internationalyachtscharterandbrokerage.com\/ca\/blog\/guies-diots\/preu-de-lloguer-de-iots-a-la-mediterrania-2026-comparativa-completa-de-totes-les-destinacions\/","title":{"rendered":"Preu de lloguer de iots a la Mediterr\u00e0nia 2026: comparativa completa de totes les destinacions"},"content":{"rendered":"\n<p>Quant costa realment llogar un iot a la Mediterr\u00e0nia el 2026? Aquesta \u00e9s la pregunta que fan tots els nostres clients abans de comen\u00e7ar les seves cerques \u2014i tamb\u00e9 \u00e9s la m\u00e9s dif\u00edcil de respondre sense dades concretes. Les tarifes varien segons la destinaci\u00f3, la temporada, l&#8217;eslora (LOA) del iot i els esdeveniments que tinguin lloc durant el per\u00edode escollit.  <\/p>\n\n<p>Aquest article ofereix les xifres reals del mercat per al 2026 \u2014per destinaci\u00f3, per categoria de iot i per temporada\u2014 perqu\u00e8 pugueu planificar el vostre pressupost amb precisi\u00f3 abans de contactar amb un agent. Les dades provenen d&#8217;<strong>International Yachts Charter and Brokerage<\/strong>, fruit de la nostra activitat de x\u00e0rter a tota la conca mediterr\u00e0nia. <\/p>\n\n<h2 class=\"wp-block-heading\">Els factors que determinen el preu<\/h2>\n\n<p>Abans de comparar les destinacions, cal entendre les 4 variables que fan oscil\u00b7lar les tarifes.<\/p>\n\n<h3 class=\"wp-block-heading\">1. L&#8217;eslora (LOA) \u2014 El factor n\u00famero 1<\/h3>\n\n<p>L&#8217;eslora total del iot \u00e9s el primer determinant del preu. Cada categoria d&#8217;eslora correspon a un nivell de servei, de confort i de capacitat d&#8217;acollida diferent. <\/p>\n\n<figure class=\"wp-block-table\"><table class=\"has-fixed-layout\"><thead><tr><th>Categoria<\/th><th>LOA<\/th><th>Passatgers<\/th><th>Tripulaci\u00f3 t\u00edpica<\/th><\/tr><\/thead><tbody><tr><td>Iot a motor compacte<\/td><td>20-25 m<\/td><td>6-8<\/td><td>2-3 membres<\/td><\/tr><tr><td>Iot a Motor<\/td><td>25-35 m<\/td><td>8-10<\/td><td>3-5 membres<\/td><\/tr><tr><td>Superiot<\/td><td>35-45 m<\/td><td>10-12<\/td><td>5-8 membres<\/td><\/tr><tr><td>Megaiot<\/td><td>45-60 m<\/td><td>12-14<\/td><td>8-12 membres<\/td><\/tr><tr><td>Megaiot +<\/td><td>60 m i m\u00e9s<\/td><td>12-20<\/td><td>12+ membres<\/td><\/tr><\/tbody><\/table><\/figure>\n\n<h3 class=\"wp-block-heading\">2. La temporada \u2014 Impacte del 40 al 60% en les tarifes<\/h3>\n\n<p>La Mediterr\u00e0nia t\u00e9 tres temporades diferenciades amb tarifes molt diverses:<\/p>\n\n<p><strong>Temporada alta<\/strong> (juliol-agost) \u2014 pic de demanda, tarifes al m\u00e0xim. <strong>Temporada mitjana<\/strong> (maig-juny, setembre) \u2014 excel\u00b7lent relaci\u00f3 qualitat-preu, condicions de navegaci\u00f3 sovint millors. <strong>Temporada baixa<\/strong> (mar\u00e7-abril, octubre-novembre) \u2014 tarifes m\u00ednimes, menys aflu\u00e8ncia.<\/p>\n\n<h3 class=\"wp-block-heading\">3. La destinaci\u00f3 \u2014 Variable del 20 al 50%<\/h3>\n\n<p>No totes les destinacions mediterr\u00e0nies s\u00f3n iguals pel que fa a tarifes. M\u00f2naco i Canes durant els seus esdeveniments principals s\u00f3n les destinacions m\u00e9s cares del m\u00f3n. Gr\u00e8cia i algunes zones de la Costa Blava fora d&#8217;esdeveniments s\u00f3n clarament m\u00e9s accessibles.  <\/p>\n\n<h3 class=\"wp-block-heading\">4. Els esdeveniments \u2014 Rec\u00e0rrec del 20 al 100%<\/h3>\n\n<p>Les setmanes d&#8217;esdeveniments \u2014<a href=\"https:\/\/internationalyachtscharterandbrokerage.com\/ca\/lloguer-de-iot\/costa-blava\/canes\/festival\/\">Festival de Canes<\/a>, <a href=\"https:\/\/internationalyachtscharterandbrokerage.com\/ca\/lloguer-de-iot\/costa-blava\/monaco\/grand-prix\/\">Gran Premi de M\u00f2naco<\/a>, <a href=\"https:\/\/internationalyachtscharterandbrokerage.com\/ca\/lloguer-de-iot\/costa-blava\/monaco\/yacht-show\/\">Monaco Yacht Show<\/a>\u2014 presenten rec\u00e0rrecs significatius en comparaci\u00f3 amb les setmanes est\u00e0ndard de temporada alta.<\/p>\n\n<h2 class=\"wp-block-heading\">Comparativa per Destinaci\u00f3 \u2014 Tarifes 2026<\/h2>\n\n<h3 class=\"wp-block-heading\">Costa Blava \u2014 La destinaci\u00f3 pr\u00e8mium<\/h3>\n\n<p>La <a href=\"https:\/\/internationalyachtscharterandbrokerage.com\/ca\/lloguer-de-iot\/costa-blava\/\">Costa Blava<\/a> \u00e9s la destinaci\u00f3 de refer\u00e8ncia mundial del x\u00e0rter de iots de luxe. Tamb\u00e9 \u00e9s la m\u00e9s cara \u2014especialment durant les setmanes d&#8217;esdeveniments que concentren la demanda en un mercat amb una oferta limitada. <\/p>\n\n<h4 class=\"wp-block-heading\">Canes<\/h4>\n\n<p><a href=\"https:\/\/internationalyachtscharterandbrokerage.com\/ca\/lloguer-de-iot\/costa-blava\/canes\/\">Canes<\/a> \u00e9s la ciutat amfitriona dels dos esdeveniments m\u00e9s sol\u00b7licitats de la temporada de x\u00e0rter mediterr\u00e0nia.<\/p>\n\n<figure class=\"wp-block-table\"><table class=\"has-fixed-layout\"><thead><tr><th>LOA<\/th><th>Temporada baixa<\/th><th>Temporada alta<\/th><th>Festival de Canes<\/th><th>Lleons de Cannes<\/th><\/tr><\/thead><tbody><tr><td>20-25 m<\/td><td>15.000\u20ac \u2013 30.000\u20ac<\/td><td>25.000 \u20ac \u2013 50.000 \u20ac<\/td><td>35.000 \u20ac \u2013 70.000 \u20ac<\/td><td>30.000 \u20ac \u2013 60.000 \u20ac<\/td><\/tr><tr><td>25-35 m<\/td><td>30.000 \u20ac \u2013 70.000 \u20ac<\/td><td>55.000 \u20ac \u2013 120.000 \u20ac<\/td><td>70.000 \u20ac \u2013 160.000 \u20ac<\/td><td>65.000 \u20ac \u2013 140.000 \u20ac<\/td><\/tr><tr><td>35-45 m<\/td><td>80.000 \u20ac \u2013 160.000 \u20ac<\/td><td>120.000 \u20ac \u2013 250.000 \u20ac<\/td><td>150.000 \u20ac \u2013 350.000 \u20ac<\/td><td>130.000 \u20ac \u2013 300.000 \u20ac<\/td><\/tr><tr><td>45-55 m<\/td><td>150.000 \u20ac \u2013 300.000 \u20ac<\/td><td>250.000 \u20ac \u2013 500.000 \u20ac<\/td><td>320.000 \u20ac \u2013 700.000 \u20ac<\/td><td>280.000 \u20ac \u2013 600.000 \u20ac<\/td><\/tr><\/tbody><\/table><\/figure>\n\n<p><strong>La nostra flota a <a href=\"https:\/\/internationalyachtscharterandbrokerage.com\/ca\/lloguer-de-iot\/costa-blava\/canes\/preu\/\">Canes<\/a>:<\/strong><\/p>\n\n<ul class=\"wp-block-list\">\n<li><a href=\"https:\/\/internationalyachtscharterandbrokerage.com\/ca\/locations-yachts\/abely\/\">ABELY<\/a> \u2014 OCEA 33 m \u2014 a partir de 28.000 \u20ac\/setmana<\/li>\n\n\n\n<li><a href=\"https:\/\/internationalyachtscharterandbrokerage.com\/ca\/locations-yachts\/ascension\/\">ASCENSION<\/a> \u2014 Couach 37 m \u2014 a partir de 100.000 \u20ac\/setmana<\/li>\n\n\n\n<li><a href=\"https:\/\/internationalyachtscharterandbrokerage.com\/ca\/locations-yachts\/annamia\/\">ANNAMIA<\/a> \u2014 Baglietto 43 m \u2014 a partir de 120.000 \u20ac\/setmana<\/li>\n\n\n\n<li><a href=\"https:\/\/internationalyachtscharterandbrokerage.com\/ca\/locations-yachts\/rilassata\/\">RILASSATA<\/a> \u2014 Tankoa 49,8 m \u2014 a partir de 210.000 \u20ac\/setmana<\/li>\n<\/ul>\n\n<h4 class=\"wp-block-heading\">M\u00f2naco<\/h4>\n\n<p><a href=\"https:\/\/internationalyachtscharterandbrokerage.com\/ca\/lloguer-de-iot\/costa-blava\/monaco\/\">M\u00f2naco<\/a> \u00e9s la destinaci\u00f3 m\u00e9s exclusiva de la Riviera. Les tarifes durant el Gran Premi s\u00f3n les m\u00e9s elevades de tota la temporada mediterr\u00e0nia. <\/p>\n\n<figure class=\"wp-block-table\"><table class=\"has-fixed-layout\"><thead><tr><th>LOA<\/th><th>Temporada baixa<\/th><th>Temporada alta<\/th><th>Grand Prix<\/th><th>Sal\u00f3 de Iots de M\u00f2naco<\/th><\/tr><\/thead><tbody><tr><td>20-25 m<\/td><td>18.000 \u20ac \u2013 35.000 \u20ac<\/td><td>28.000 \u20ac \u2013 55.000 \u20ac<\/td><td>40.000 \u20ac \u2013 80.000 \u20ac<\/td><td>25.000 \u20ac \u2013 50.000 \u20ac<\/td><\/tr><tr><td>25-35 m<\/td><td>35.000 \u20ac \u2013 80.000 \u20ac<\/td><td>60.000 \u20ac \u2013 130.000 \u20ac<\/td><td>80.000 \u20ac \u2013 180.000 \u20ac<\/td><td>55.000 \u20ac \u2013 120.000 \u20ac<\/td><\/tr><tr><td>35-45 m<\/td><td>90.000 \u20ac \u2013 180.000 \u20ac<\/td><td>130.000 \u20ac \u2013 270.000 \u20ac<\/td><td>180.000 \u20ac \u2013 400.000 \u20ac<\/td><td>120.000 \u20ac \u2013 250.000 \u20ac<\/td><\/tr><tr><td>45-55 m<\/td><td>180.000 \u20ac \u2013 350.000 \u20ac<\/td><td>270.000 \u20ac \u2013 550.000 \u20ac<\/td><td>380.000 \u20ac \u2013 900.000 \u20ac<\/td><td>250.000 \u20ac \u2013 500.000 \u20ac<\/td><\/tr><\/tbody><\/table><\/figure>\n\n<p>Consulteu la nostra p\u00e0gina <a href=\"https:\/\/internationalyachtscharterandbrokerage.com\/ca\/lloguer-de-iot\/costa-blava\/monaco\/preu\/\">preu lloguer iot M\u00f2naco<\/a> per a les tarifes detallades per temporada.<\/p>\n\n<h4 class=\"wp-block-heading\">Saint-Tropez<\/h4>\n\n<p><a href=\"https:\/\/internationalyachtscharterandbrokerage.com\/ca\/lloguer-de-iot\/costa-blava\/saint-tropez\/\">Saint-Tropez<\/a> ofereix una combinaci\u00f3 \u00fanica \u2014temporada alta estival i esdeveniments de tardor (Voiles, Paradis Porsche)\u2014 amb tarifes generalment inferiors a les de M\u00f2naco i Canes en \u00e8poca d&#8217;esdeveniments.<\/p>\n\n<figure class=\"wp-block-table\"><table class=\"has-fixed-layout\"><thead><tr><th>LOA<\/th><th>Temporada baixa<\/th><th>Temporada alta<\/th><th>Veles de Saint-Tropez<\/th><\/tr><\/thead><tbody><tr><td>20-25 m<\/td><td>12.000 \u20ac \u2013 28.000 \u20ac<\/td><td>22.000 \u20ac \u2013 45.000 \u20ac<\/td><td>18.000 \u20ac \u2013 38.000 \u20ac<\/td><\/tr><tr><td>25-35 m<\/td><td>28.000 \u20ac \u2013 65.000 \u20ac<\/td><td>50.000 \u20ac \u2013 110.000 \u20ac<\/td><td>42.000 \u20ac \u2013 95.000 \u20ac<\/td><\/tr><tr><td>35-45 m<\/td><td>70.000 \u20ac \u2013 150.000 \u20ac<\/td><td>110.000 \u20ac \u2013 230.000 \u20ac<\/td><td>95.000 \u20ac \u2013 200.000 \u20ac<\/td><\/tr><tr><td>45-55 m<\/td><td>140.000 \u20ac \u2013 280.000 \u20ac<\/td><td>230.000 \u20ac \u2013 450.000 \u20ac<\/td><td>200.000 \u20ac \u2013 400.000 \u20ac<\/td><\/tr><\/tbody><\/table><\/figure>\n\n<p>Consulteu la nostra p\u00e0gina <a href=\"https:\/\/internationalyachtscharterandbrokerage.com\/ca\/lloguer-de-iot\/costa-blava\/saint-tropez\/preu\/\">preu lloguer iot Saint-Tropez<\/a> per als detalls complets.<\/p>\n\n<h3 class=\"wp-block-heading\">Illes Balears \u2014 La millor relaci\u00f3 qualitat-preu<\/h3>\n\n<p>Les <a href=\"https:\/\/internationalyachtscharterandbrokerage.com\/ca\/lloguer-de-iot\/balears\/\">Illes Balears<\/a> \u2014<a href=\"https:\/\/internationalyachtscharterandbrokerage.com\/ca\/lloguer-de-iot\/balears\/eivissa\/\">Eivissa<\/a>, Formentera, Mallorca, Menorca\u2014 ofereixen la millor relaci\u00f3 qualitat-preu de la Mediterr\u00e0nia occidental. Les tarifes s\u00f3n entre un 20 i un 30% inferiors a les de la Costa Blava per una qualitat de navegaci\u00f3 sovint superior \u2014aig\u00fces m\u00e9s clares, fondejos menys saturats fora de la temporada alta. <\/p>\n\n<figure class=\"wp-block-table\"><table class=\"has-fixed-layout\"><thead><tr><th>LOA<\/th><th>Temporada baixa<\/th><th>Temporada alta<\/th><th>Pic de temporada (agost)<\/th><\/tr><\/thead><tbody><tr><td>20-25 m<\/td><td>10.000 \u20ac \u2013 22.000 \u20ac<\/td><td>18.000 \u20ac \u2013 38.000 \u20ac<\/td><td>22.000 \u20ac \u2013 45.000 \u20ac<\/td><\/tr><tr><td>25-35 m<\/td><td>22.000 \u20ac \u2013 55.000 \u20ac<\/td><td>40.000 \u20ac \u2013 90.000 \u20ac<\/td><td>50.000 \u20ac \u2013 110.000 \u20ac<\/td><\/tr><tr><td>35-45 m<\/td><td>55.000 \u20ac \u2013 120.000 \u20ac<\/td><td>90.000 \u20ac \u2013 200.000 \u20ac<\/td><td>110.000 \u20ac \u2013 240.000 \u20ac<\/td><\/tr><tr><td>45-55 m<\/td><td>110.000 \u20ac \u2013 230.000 \u20ac<\/td><td>190.000 \u20ac \u2013 380.000 \u20ac<\/td><td>230.000 \u20ac \u2013 460.000 \u20ac<\/td><\/tr><\/tbody><\/table><\/figure>\n\n<p><strong>Eivissa vs. Formentera:<\/strong> Eivissa \u00e9s m\u00e9s animada \u2014clubs, restaurants, esdeveniments\u2014 amb tarifes lleugerament superiors. Formentera \u00e9s m\u00e9s natural, menys freq\u00fcentada, amb unes aig\u00fces de les m\u00e9s transparents de la Mediterr\u00e0nia. Ambdues s\u00f3n accessibles des del mateix fondeig mitjan\u00e7ant llan\u00e7adora o tender.  <\/p>\n\n<p><strong>La nostra flota disponible a les Balears:<\/strong><\/p>\n\n<ul class=\"wp-block-list\">\n<li><a href=\"https:\/\/internationalyachtscharterandbrokerage.com\/ca\/locations-yachts\/ray\/\">RAY<\/a> \u2014 Numarine 32XP 2025 \u2014 calat 2,71 m \u2014 acc\u00e9s a les cales m\u00e9s boniques d&#8217;Eivissa<\/li>\n\n\n\n<li><a href=\"https:\/\/internationalyachtscharterandbrokerage.com\/ca\/locations-yachts\/rilassata\/\">RILASSATA<\/a> \u2014 Tankoa 49,8 m \u2014 calat 2,25 m \u2014 acc\u00e9s a les cales secretes de Formentera<\/li>\n<\/ul>\n\n<h3 class=\"wp-block-heading\">It\u00e0lia \u2014 Sardenya i Capri<\/h3>\n\n<h4 class=\"wp-block-heading\">Sardenya<\/h4>\n\n<p>La <a href=\"https:\/\/internationalyachtscharterandbrokerage.com\/ca\/lloguer-de-iot\/italia\/sardenya\/\">Sardenya<\/a> \u2014Porto Cervo, Costa Smeralda, arxip\u00e8lag de la Maddalena\u2014 \u00e9s la destinaci\u00f3 italiana de refer\u00e8ncia per al x\u00e0rter de luxe. Les aig\u00fces turquesa de la Costa Smeralda i els fondejos de l&#8217;arxip\u00e8lag de la Maddalena s\u00f3n dels m\u00e9s bells de la Mediterr\u00e0nia. <\/p>\n\n<figure class=\"wp-block-table\"><table class=\"has-fixed-layout\"><thead><tr><th>LOA<\/th><th>Temporada baixa<\/th><th>Temporada alta<\/th><th>Porto Cervo (agost)<\/th><\/tr><\/thead><tbody><tr><td>20-25 m<\/td><td>12.000 \u20ac \u2013 25.000 \u20ac<\/td><td>20.000 \u20ac \u2013 40.000 \u20ac<\/td><td>25.000 \u20ac \u2013 50.000 \u20ac<\/td><\/tr><tr><td>25-35 m<\/td><td>25.000 \u20ac \u2013 60.000 \u20ac<\/td><td>45.000 \u20ac \u2013 100.000 \u20ac<\/td><td>55.000 \u20ac \u2013 120.000 \u20ac<\/td><\/tr><tr><td>35-45 m<\/td><td>60.000 \u20ac \u2013 130.000 \u20ac<\/td><td>100.000 \u20ac \u2013 210.000 \u20ac<\/td><td>120.000 \u20ac \u2013 260.000 \u20ac<\/td><\/tr><tr><td>45-55 m<\/td><td>120.000 \u20ac \u2013 250.000 \u20ac<\/td><td>210.000 \u20ac \u2013 400.000 \u20ac<\/td><td>260.000 \u20ac \u2013 500.000 \u20ac<\/td><\/tr><\/tbody><\/table><\/figure>\n\n<p><strong>Porto Cervo a l&#8217;agost<\/strong> \u2014la setmana de la Maxi Yacht Rolex Cup (generalment a principis de setembre) genera una demanda comparable als esdeveniments de la Costa Blava.<\/p>\n\n<h4 class=\"wp-block-heading\">Capri<\/h4>\n\n<p><a href=\"https:\/\/internationalyachtscharterandbrokerage.com\/ca\/lloguer-de-iot\/italia\/capri\/\">Capri<\/a> \u00e9s una destinaci\u00f3 de pas m\u00e9s que no pas de llarga estada \u2014la Grotta Azzurra, els Faraglioni, el fondeig davant la ciutat de Capri s\u00f3n moments inoblidables en un itinerari per Camp\u00e0nia\/Amalfi. Les tarifes nom\u00e9s a Capri s\u00f3n dif\u00edcils de dissociar dels itineraris amalfitans. <\/p>\n\n<h3 class=\"wp-block-heading\">Gr\u00e8cia \u2014 La destinaci\u00f3 a l&#8217;al\u00e7a<\/h3>\n\n<p>La <a href=\"https:\/\/internationalyachtscharterandbrokerage.com\/ca\/lloguer-de-iot\/grecia\/\">Gr\u00e8cia<\/a> \u2014M\u00edkonos, Santor\u00ed, C\u00edclades, Dodecan\u00e8s\u2014 \u00e9s la destinaci\u00f3 mediterr\u00e0nia amb el creixement m\u00e9s fort des del 2020. Tarifes encara entre un 15 i un 25% inferiors a les de la Costa Blava per unes condicions de navegaci\u00f3 i uns paisatges excepcionals. <\/p>\n\n<figure class=\"wp-block-table\"><table class=\"has-fixed-layout\"><thead><tr><th>LOA<\/th><th>Temporada baixa<\/th><th>Temporada alta<\/th><th>M\u00edkonos (agost)<\/th><\/tr><\/thead><tbody><tr><td>20-25 m<\/td><td>9.000 \u20ac \u2013 20.000 \u20ac<\/td><td>16.000 \u20ac \u2013 35.000 \u20ac<\/td><td>20.000 \u20ac \u2013 42.000 \u20ac<\/td><\/tr><tr><td>25-35 m<\/td><td>20.000 \u20ac \u2013 50.000 \u20ac<\/td><td>35.000 \u20ac \u2013 80.000 \u20ac<\/td><td>45.000 \u20ac \u2013 100.000 \u20ac<\/td><\/tr><tr><td>35-45 m<\/td><td>50.000 \u20ac \u2013 110.000 \u20ac<\/td><td>80.000 \u20ac \u2013 180.000 \u20ac<\/td><td>100.000 \u20ac \u2013 220.000 \u20ac<\/td><\/tr><tr><td>45-55 m<\/td><td>100.000 \u20ac \u2013 210.000 \u20ac<\/td><td>170.000 \u20ac \u2013 350.000 \u20ac<\/td><td>210.000 \u20ac \u2013 420.000 \u20ac<\/td><\/tr><\/tbody><\/table><\/figure>\n\n<p><strong>Avantatge log\u00edstic:<\/strong> Gr\u00e8cia no requereix taxes portu\u00e0ries elevades com M\u00f2naco o els ports de la Costa Blava. Els fondejos a les illes s\u00f3n sovint gratu\u00efts o amb un cost m\u00ednim \u2014per tant, l&#8217;APA \u00e9s proporcionalment m\u00e9s baixa que a la Costa Blava. <\/p>\n\n<h3 class=\"wp-block-heading\">Dubai \u2014 La destinaci\u00f3 d&#8217;hivern<\/h3>\n\n<p><a href=\"https:\/\/internationalyachtscharterandbrokerage.com\/ca\/lloguer-de-iot\/dubai\/\">Dubai<\/a> \u00e9s la destinaci\u00f3 de x\u00e0rter de refer\u00e8ncia per a la temporada d&#8217;hivern (de novembre a mar\u00e7) \u2014quan a la Mediterr\u00e0nia fa fred. Temperatures de 25-28 \u00b0C, aig\u00fces calmes del golf P\u00e8rsic, l&#8217;skyline de Dubai com a tel\u00f3 de fons. <\/p>\n\n<figure class=\"wp-block-table\"><table class=\"has-fixed-layout\"><thead><tr><th>LOA<\/th><th>Temporada hivernal (nov-mar\u00e7)<\/th><\/tr><\/thead><tbody><tr><td>20-25 m<\/td><td>18.000 \u20ac \u2013 40.000 \u20ac<\/td><\/tr><tr><td>25-35 m<\/td><td>40.000 \u20ac \u2013 90.000 \u20ac<\/td><\/tr><tr><td>35-45 m<\/td><td>90.000 \u20ac \u2013 190.000 \u20ac<\/td><\/tr><tr><td>45-55 m<\/td><td>190.000 \u20ac \u2013 380.000 \u20ac<\/td><\/tr><\/tbody><\/table><\/figure>\n\n<h3 class=\"wp-block-heading\">El Carib \u2014 L&#8217;alternativa d&#8217;hivern pr\u00e8mium<\/h3>\n\n<p>El <a href=\"https:\/\/internationalyachtscharterandbrokerage.com\/ca\/lloguer-de-iot\/carib\/\">Carib<\/a> \u2014i en particular <a href=\"https:\/\/internationalyachtscharterandbrokerage.com\/ca\/lloguer-de-iot\/carib\/saint-barthelemy\/\">Saint-Barth\u00e9lemy<\/a>\u2014 \u00e9s la destinaci\u00f3 de refer\u00e8ncia per als clients que busquen el nivell de servei i de prestigi de la Costa Blava en un entorn tropical.<\/p>\n\n<figure class=\"wp-block-table\"><table class=\"has-fixed-layout\"><thead><tr><th>LOA<\/th><th>Temporada baixa al Carib<\/th><th>Temporada alta (des-feb)<\/th><\/tr><\/thead><tbody><tr><td>20-25 m<\/td><td>14.000 \u20ac \u2013 30.000 \u20ac<\/td><td>20.000 \u20ac \u2013 45.000 \u20ac<\/td><\/tr><tr><td>25-35 m<\/td><td>30.000 \u20ac \u2013 70.000 \u20ac<\/td><td>45.000 \u20ac \u2013 110.000 \u20ac<\/td><\/tr><tr><td>35-45 m<\/td><td>70.000 \u20ac \u2013 150.000 \u20ac<\/td><td>110.000 \u20ac \u2013 240.000 \u20ac<\/td><\/tr><tr><td>45-55 m<\/td><td>150.000 \u20ac \u2013 290.000 \u20ac<\/td><td>230.000 \u20ac \u2013 450.000 \u20ac<\/td><\/tr><\/tbody><\/table><\/figure>\n\n<p>El nostre <a href=\"https:\/\/internationalyachtscharterandbrokerage.com\/ca\/locations-yachts\/rilassata\/\">RILASSATA<\/a> (Tankoa 49,8 m) est\u00e0 disponible al Carib de desembre a febrer \u2014a partir de 385.000 \u20ac\/setmana en temporada alta.<\/p>\n\n<h2 class=\"wp-block-heading\">Comparativa global \u2014 Mateixa eslora (LOA), totes les destinacions<\/h2>\n\n<p>Per a un <strong>superiot de 35-45 metres<\/strong> en temporada alta, aqu\u00ed teniu la comparativa completa:<\/p>\n\n<figure class=\"wp-block-table\"><table class=\"has-fixed-layout\"><thead><tr><th>Destinaci\u00f3<\/th><th>Tarifa setmanal temporada alta<\/th><th>Relaci\u00f3 Q\/P<\/th><\/tr><\/thead><tbody><tr><td><a href=\"https:\/\/internationalyachtscharterandbrokerage.com\/ca\/lloguer-de-iot\/costa-blava\/monaco\/grand-prix\/\">Gran Premi de M\u00f2naco<\/a><\/td><td>180.000 \u20ac \u2013 400.000 \u20ac<\/td><td>\u2b50\u2b50\u2b50\u2b50\u2b50 Exclusivitat<\/td><\/tr><tr><td><a href=\"https:\/\/internationalyachtscharterandbrokerage.com\/ca\/lloguer-de-iot\/costa-blava\/canes\/festival\/\">Festival de Canes<\/a><\/td><td>150.000 \u20ac \u2013 350.000 \u20ac<\/td><td>\u2b50\u2b50\u2b50\u2b50\u2b50 Prestigi<\/td><\/tr><tr><td><a href=\"https:\/\/internationalyachtscharterandbrokerage.com\/ca\/lloguer-de-iot\/costa-blava\/\">Costa Blava<\/a> est\u00e0ndard<\/td><td>120.000 \u20ac \u2013 250.000 \u20ac<\/td><td>\u2b50\u2b50\u2b50\u2b50 Molt bona<\/td><\/tr><tr><td><a href=\"https:\/\/internationalyachtscharterandbrokerage.com\/ca\/lloguer-de-iot\/italia\/sardenya\/\">Sardenya<\/a> Porto Cervo<\/td><td>120.000 \u20ac \u2013 260.000 \u20ac<\/td><td>\u2b50\u2b50\u2b50\u2b50 Molt bona<\/td><\/tr><tr><td><a href=\"https:\/\/internationalyachtscharterandbrokerage.com\/ca\/lloguer-de-iot\/balears\/\">Balears<\/a> Eivissa<\/td><td>90.000 \u20ac \u2013 200.000 \u20ac<\/td><td>\u2b50\u2b50\u2b50\u2b50\u2b50 Excel\u00b7lent<\/td><\/tr><tr><td><a href=\"https:\/\/internationalyachtscharterandbrokerage.com\/ca\/lloguer-de-iot\/grecia\/\">Gr\u00e8cia<\/a> M\u00edkonos<\/td><td>80.000 \u20ac \u2013 180.000 \u20ac<\/td><td>\u2b50\u2b50\u2b50\u2b50\u2b50 Excel\u00b7lent<\/td><\/tr><tr><td><a href=\"https:\/\/internationalyachtscharterandbrokerage.com\/ca\/lloguer-de-iot\/costa-blava\/saint-tropez\/\">Saint-Tropez<\/a><\/td><td>110.000 \u20ac \u2013 230.000 \u20ac<\/td><td>\u2b50\u2b50\u2b50\u2b50 Molt bona<\/td><\/tr><tr><td><a href=\"https:\/\/internationalyachtscharterandbrokerage.com\/ca\/lloguer-de-iot\/carib\/\">Carib<\/a> Saint-Barth<\/td><td>110.000 \u20ac \u2013 240.000 \u20ac<\/td><td>\u2b50\u2b50\u2b50\u2b50 Molt bona<\/td><\/tr><tr><td><a href=\"https:\/\/internationalyachtscharterandbrokerage.com\/ca\/lloguer-de-iot\/italia\/capri\/\">Capri<\/a><\/td><td>90.000 \u20ac \u2013 190.000 \u20ac<\/td><td>\u2b50\u2b50\u2b50\u2b50 Molt bona<\/td><\/tr><tr><td><a href=\"https:\/\/internationalyachtscharterandbrokerage.com\/ca\/lloguer-de-iot\/dubai\/\">Dubai<\/a><\/td><td>90.000 \u20ac \u2013 190.000 \u20ac<\/td><td>\u2b50\u2b50\u2b50\u2b50 Molt bona<\/td><\/tr><\/tbody><\/table><\/figure>\n\n<h2 class=\"wp-block-heading\">L&#8217;APA \u2014 El que cal afegir a la tarifa base<\/h2>\n\n<p>La tarifa base nom\u00e9s cobreix la posada a disposici\u00f3 del iot i de la tripulaci\u00f3. L&#8217;APA (Advance Provisioning Allowance) cobreix el combustible, les taxes portu\u00e0ries, les provisions i els impostos \u2014representa entre el 25 i el 35% de la tarifa base. <\/p>\n\n<p><strong>Exemple concret \u2014 <a href=\"https:\/\/internationalyachtscharterandbrokerage.com\/ca\/locations-yachts\/ascension\/\">ASCENSION<\/a> Couach 37 m a Canes en temporada alta:<\/strong><\/p>\n\n<figure class=\"wp-block-table\"><table class=\"has-fixed-layout\"><thead><tr><th>Element<\/th><th>Import<\/th><\/tr><\/thead><tbody><tr><td>Tarifa base<\/td><td>125.000 \u20ac sense IVA<\/td><\/tr><tr><td>APA estimada (30%)<\/td><td>37.500\u20ac<\/td><\/tr><tr><td><strong>Total estimat<\/strong><\/td><td><strong>162.500 \u20ac sense IVA<\/strong><\/td><\/tr><\/tbody><\/table><\/figure>\n\n<p><strong>Exemple \u2014 <a href=\"https:\/\/internationalyachtscharterandbrokerage.com\/ca\/locations-yachts\/ray\/\">RAY<\/a> Numarine 32XP a les Balears:<\/strong><\/p>\n\n<figure class=\"wp-block-table\"><table class=\"has-fixed-layout\"><thead><tr><th>Element<\/th><th>Import<\/th><\/tr><\/thead><tbody><tr><td>Tarifa base<\/td><td>120.000 \u20ac sense IVA<\/td><\/tr><tr><td>APA estimada (25% \u2014 menys taxes portu\u00e0ries)<\/td><td>30.000 \u20ac<\/td><\/tr><tr><td><strong>Total estimat<\/strong><\/td><td><strong>150.000 \u20ac sense IVA<\/strong><\/td><\/tr><\/tbody><\/table><\/figure>\n\n<p><strong>Per qu\u00e8 l&#8217;APA \u00e9s m\u00e9s baixa a les Balears i a Gr\u00e8cia?<\/strong> Les taxes portu\u00e0ries a les illes s\u00f3n clarament inferiors a les de M\u00f2naco o Canes. A M\u00f2naco durant el Gran Premi, nom\u00e9s les taxes portu\u00e0ries poden representar entre 15.000 i 25.000 \u20ac per una setmana \u2014\u00e9s a dir, entre el 10 i el 20% de la tarifa base d&#8217;un superiot de 40 metres. <\/p>\n\n<h2 class=\"wp-block-heading\">La nostra flota \u2014 Preus reals 2026<\/h2>\n\n<p>Aqu\u00ed teniu les tarifes exactes de la nostra flota disponible a la Mediterr\u00e0nia:<\/p>\n\n<figure class=\"wp-block-table\"><table class=\"has-fixed-layout\"><thead><tr><th>Iot<\/th><th>LOA<\/th><th>Tarifa TB<\/th><th>Tarifa TA<\/th><th>Destinacions<\/th><\/tr><\/thead><tbody><tr><td><a href=\"https:\/\/internationalyachtscharterandbrokerage.com\/ca\/locations-yachts\/abely\/\">ABELY<\/a><\/td><td>33 m<\/td><td>28.000 \u20ac<\/td><td>35.000\u20ac<\/td><td>Costa Blava<\/td><\/tr><tr><td><a href=\"https:\/\/internationalyachtscharterandbrokerage.com\/ca\/locations-yachts\/ray\/\">RAY<\/a><\/td><td>32 m<\/td><td>90.000 \u20ac<\/td><td>120.000\u20ac<\/td><td>Mediterr\u00e0nia + Carib<\/td><\/tr><tr><td><a href=\"https:\/\/internationalyachtscharterandbrokerage.com\/ca\/locations-yachts\/ascension\/\">ASCENSION<\/a><\/td><td>37 m<\/td><td>100.000 \u20ac<\/td><td>125.000\u20ac<\/td><td>Costa Blava<\/td><\/tr><tr><td><a href=\"https:\/\/internationalyachtscharterandbrokerage.com\/ca\/locations-yachts\/annamia\/\">ANNAMIA<\/a><\/td><td>43 m<\/td><td>120.000\u20ac<\/td><td>145.000\u20ac<\/td><td>Costa Blava<\/td><\/tr><tr><td><a href=\"https:\/\/internationalyachtscharterandbrokerage.com\/ca\/locations-yachts\/rilassata\/\">RILASSATA<\/a><\/td><td>49,8 m<\/td><td>210.000 \u20ac<\/td><td>385.000 \u20ac<\/td><td>Mediterr\u00e0nia + Carib<\/td><\/tr><\/tbody><\/table><\/figure>\n\n<p><a href=\"https:\/\/internationalyachtscharterandbrokerage.com\/ca\/iots-de-lloguer\/\">Vegeu tota la nostra flota disponible \u2192<\/a><\/p>\n\n<h2 class=\"wp-block-heading\">Com optimitzar el pressupost de x\u00e0rter<\/h2>\n\n<p><strong>Triar la temporada mitjana<\/strong> \u2014maig, juny i setembre ofereixen tarifes entre un 20 i un 35% inferiors a les de juliol-agost amb unes condicions de navegaci\u00f3 sovint millors (menys gent, vents m\u00e9s regulars, ports menys saturats).<\/p>\n\n<p><strong>Combinar dos esdeveniments<\/strong> \u2014un x\u00e0rter que cobreixi el <a href=\"https:\/\/internationalyachtscharterandbrokerage.com\/ca\/lloguer-de-iot\/costa-blava\/monaco\/grand-prix\/\">Gran Premi de M\u00f2naco<\/a> + <a href=\"https:\/\/internationalyachtscharterandbrokerage.com\/ca\/lloguer-de-iot\/costa-blava\/canes\/lleons-de-cannes\/\">Cannes Lions<\/a> en la mateixa unitat \u00e9s menys cost\u00f3s que dos x\u00e0rters separats.<\/p>\n\n<p><strong>Preferir el fondeig al moll<\/strong> \u2014durant els esdeveniments a Canes i M\u00f2naco, el fondeig a la badia amb rotacions de tender pot estalviar entre 8.000 i 20.000 \u20ac de taxes portu\u00e0ries en una setmana.<\/p>\n\n<p><strong>Reservar d&#8217;hora<\/strong> \u2014les millors unitats per a la temporada alta i els esdeveniments es reserven ja al gener. Al mar\u00e7-abril, els iots m\u00e9s ben posicionats sovint ja estan agafats. <\/p>\n\n<p><strong>Triar les Balears o Gr\u00e8cia<\/strong> \u2014amb un nivell de confort equivalent, aquestes destinacions s\u00f3n entre un 20 i un 30% m\u00e9s barates que la Costa Blava est\u00e0ndard \u2014i ofereixen unes aig\u00fces i uns fondejos sovint superiors.<\/p>\n\n<h2 class=\"wp-block-heading\">Rebre un pressupost personalitzat<\/h2>\n\n<p>Cada pressupost d&#8217;<strong>International Yachts Charter and Brokerage<\/strong> inclou una estimaci\u00f3 de l&#8217;APA detallada l\u00ednia per l\u00ednia, una recomanaci\u00f3 de destinaci\u00f3 segons el vostre pressupost i les vostres dates, i una selecci\u00f3 de 3 a 5 unitats adaptades al vostre projecte.<\/p>\n\n<p>Transpar\u00e8ncia total en els costos \u2014 resposta en menys de 48 hores.<\/p>\n\n<p><a href=\"https:\/\/internationalyachtscharterandbrokerage.com\/ca\/contacte\/\">Demanar un pressupost de x\u00e0rter Mediterr\u00e0nia 2026<\/a><\/p>\n","protected":false},"excerpt":{"rendered":"<p>Quant costa realment llogar un iot a la Mediterr\u00e0nia el 2026? Aquesta \u00e9s la pregunta que fan tots els nostres clients abans de comen\u00e7ar les seves cerques \u2014i tamb\u00e9 \u00e9s la m\u00e9s dif\u00edcil de respondre sense dades concretes. Les tarifes varien segons la destinaci\u00f3, la temporada, l&#8217;eslora (LOA) del iot i els esdeveniments que tinguin [&hellip;]<\/p>\n","protected":false},"author":1,"featured_media":8839,"comment_status":"closed","ping_status":"closed","sticky":false,"template":"","format":"standard","meta":{"iawp_total_views":0,"footnotes":""},"categories":[43],"tags":[],"class_list":["post-9050","post","type-post","status-publish","format-standard","has-post-thumbnail","hentry","category-guies-diots"],"_links":{"self":[{"href":"https:\/\/internationalyachtscharterandbrokerage.com\/ca\/wp-json\/wp\/v2\/posts\/9050","targetHints":{"allow":["GET"]}}],"collection":[{"href":"https:\/\/internationalyachtscharterandbrokerage.com\/ca\/wp-json\/wp\/v2\/posts"}],"about":[{"href":"https:\/\/internationalyachtscharterandbrokerage.com\/ca\/wp-json\/wp\/v2\/types\/post"}],"author":[{"embeddable":true,"href":"https:\/\/internationalyachtscharterandbrokerage.com\/ca\/wp-json\/wp\/v2\/users\/1"}],"replies":[{"embeddable":true,"href":"https:\/\/internationalyachtscharterandbrokerage.com\/ca\/wp-json\/wp\/v2\/comments?post=9050"}],"version-history":[{"count":1,"href":"https:\/\/internationalyachtscharterandbrokerage.com\/ca\/wp-json\/wp\/v2\/posts\/9050\/revisions"}],"predecessor-version":[{"id":9051,"href":"https:\/\/internationalyachtscharterandbrokerage.com\/ca\/wp-json\/wp\/v2\/posts\/9050\/revisions\/9051"}],"wp:featuredmedia":[{"embeddable":true,"href":"https:\/\/internationalyachtscharterandbrokerage.com\/ca\/wp-json\/wp\/v2\/media\/8839"}],"wp:attachment":[{"href":"https:\/\/internationalyachtscharterandbrokerage.com\/ca\/wp-json\/wp\/v2\/media?parent=9050"}],"wp:term":[{"taxonomy":"category","embeddable":true,"href":"https:\/\/internationalyachtscharterandbrokerage.com\/ca\/wp-json\/wp\/v2\/categories?post=9050"},{"taxonomy":"post_tag","embeddable":true,"href":"https:\/\/internationalyachtscharterandbrokerage.com\/ca\/wp-json\/wp\/v2\/tags?post=9050"}],"curies":[{"name":"wp","href":"https:\/\/api.w.org\/{rel}","templated":true}]}}